{"id":999963238,"date":"2022-01-23T21:55:48","date_gmt":"2022-01-23T21:55:48","guid":{"rendered":"https:\/\/estevitalyahair.com\/2-wichtige-themen-ueber-haare\/"},"modified":"2022-01-23T21:55:48","modified_gmt":"2022-01-23T21:55:48","slug":"2-wichtige-themen-ueber-haare","status":"publish","type":"post","link":"https:\/\/www.estevitalyahair.com\/de\/2-wichtige-themen-ueber-haare\/","title":{"rendered":"2 Wichtige Themen \u00fcber Haare"},"content":{"rendered":"<p>Wie ist die anatomische Struktur der Haare?<\/p>\n<p>Das Haar ist eines der Hautanhangsgebilde, das aus Follikeln w\u00e4chst. Die Oberseite der Haut ist von einem abgestorbenen Material namens Keratin bedeckt. Wie unsere N\u00e4gel enth\u00e4lt auch unsere Kopfhaut Keratin, und diese \u00e4u\u00dfere Schutzschicht wird Kutikula genannt. Der innere Teil des Haares wird Medulla genannt und ist von einer Kortexschicht umgeben, die den Hauptteil des Haares darstellt und Pigmente enth\u00e4lt.<\/p>\n<p>Die Haarwurzeln befinden sich im subkutanen Gewebe. Die Haarwurzeln sind von Haarfollikeln umgeben. Haarzellen k\u00f6nnen sich schnell vermehren und weiter wachsen, indem sie sich in tote Zellen verwandeln. Da sich die Haarzellen schnell vermehren, schieben sie die abgestorbenen Zellen nach oben, was das Haarwachstum f\u00f6rdert. Je l\u00e4nger sie wachsen, desto h\u00f6her ragen sie \u00fcber die Kopfhaut hinaus. Der Haarfollikel ist von einer Papille umgeben, die Blutgef\u00e4\u00dfe enth\u00e4lt und somit eine entscheidende Rolle f\u00fcr die Ern\u00e4hrung, das Wachstum und das gesunde Aussehen der Haare spielt. Haarpflege ist wichtig, auch die Ern\u00e4hrung kann das Haar beeinflussen.<\/p>\n<p>*\u00dcBER HAARE*<br \/>\nWie l\u00e4uft der Haarwuchszyklus ab?<\/p>\n<p>Eine Haarstr\u00e4hne auf der Kopfhaut w\u00e4chst im Durchschnitt 1,25 cm pro Monat. Mit anderen Worten: Unser Haar kann bis zu 15 Zentimeter pro Jahr wachsen. Die drei Hauptphasen des Haarwachstums sind Anagen, Katagen und Telogen.<\/p>\n<p>Anagene Phase: In dieser Phase, die 3 bis 7 Jahre dauern kann, teilen sich die Zellen im Haarfollikel st\u00e4ndig und das Haar w\u00e4chst.<\/p>\n<p>Katagene Phase: Diese Phase beginnt innerhalb von 2-5 Wochen nach der anagenen Phase. Der Haarfollikel schrumpft, und das Haarwachstum h\u00f6rt auf.<\/p>\n<p>Telogenphase: Nach der katagenen Phase beginnt die telogene Phase, die etwa 2-5 Monate dauert. W\u00e4hrend der Telogenphase wachsen die Haare nicht, aber sie fallen normalerweise auch nicht aus.<\/p>\n","protected":false},"excerpt":{"rendered":"<p>Wie ist die anatomische Struktur der Haare? Das Haar ist eines der Hautanhangsgebilde, das aus Follikeln w\u00e4chst. Die Oberseite der Haut ist von einem abgestorbenen Material namens Keratin bedeckt. Wie unsere N\u00e4gel enth\u00e4lt auch unsere Kopfhaut Keratin, und diese \u00e4u\u00dfere Schutzschicht wird Kutikula genannt. Der innere Teil des Haares wird Medulla genannt und ist von [&hellip;]<\/p>\n","protected":false},"author":1,"featured_media":999962888,"comment_status":"open","ping_status":"open","sticky":false,"template":"","format":"standard","meta":{"_jf_save_progress":"","footnotes":""},"categories":[322],"tags":[326,327,328,329,330,331],"class_list":["post-999963238","post","type-post","status-publish","format-standard","has-post-thumbnail","hentry","category-blog-de","tag-anatomical-structure-of-hair-de","tag-hair-bud-de","tag-hair-cycles-de","tag-hair-growth-de","tag-hair-stages-de","tag-scalp-de"],"_links":{"self":[{"href":"https:\/\/www.estevitalyahair.com\/de\/wp-json\/wp\/v2\/posts\/999963238","targetHints":{"allow":["GET"]}}],"collection":[{"href":"https:\/\/www.estevitalyahair.com\/de\/wp-json\/wp\/v2\/posts"}],"about":[{"href":"https:\/\/www.estevitalyahair.com\/de\/wp-json\/wp\/v2\/types\/post"}],"author":[{"embeddable":true,"href":"https:\/\/www.estevitalyahair.com\/de\/wp-json\/wp\/v2\/users\/1"}],"replies":[{"embeddable":true,"href":"https:\/\/www.estevitalyahair.com\/de\/wp-json\/wp\/v2\/comments?post=999963238"}],"version-history":[{"count":0,"href":"https:\/\/www.estevitalyahair.com\/de\/wp-json\/wp\/v2\/posts\/999963238\/revisions"}],"wp:featuredmedia":[{"embeddable":true,"href":"https:\/\/www.estevitalyahair.com\/de\/wp-json\/wp\/v2\/media\/999962888"}],"wp:attachment":[{"href":"https:\/\/www.estevitalyahair.com\/de\/wp-json\/wp\/v2\/media?parent=999963238"}],"wp:term":[{"taxonomy":"category","embeddable":true,"href":"https:\/\/www.estevitalyahair.com\/de\/wp-json\/wp\/v2\/categories?post=999963238"},{"taxonomy":"post_tag","embeddable":true,"href":"https:\/\/www.estevitalyahair.com\/de\/wp-json\/wp\/v2\/tags?post=999963238"}],"curies":[{"name":"wp","href":"https:\/\/api.w.org\/{rel}","templated":true}]}}