{"id":999957290,"date":"2022-02-04T14:59:00","date_gmt":"2022-02-04T14:59:00","guid":{"rendered":"https:\/\/estevitalyahair.com\/sacin-gucu\/"},"modified":"2022-02-04T18:46:12","modified_gmt":"2022-02-04T18:46:12","slug":"sacin-gucu","status":"publish","type":"post","link":"https:\/\/www.estevitalyahair.com\/tr\/sacin-gucu\/","title":{"rendered":"Sa\u00e7\u0131n G\u00fcc\u00fc"},"content":{"rendered":"<p class=\"p1\">Sa\u00e7, insanlar i\u00e7in her zaman sosyal \u00f6neme sahip olmu\u015ftur. Bununla beraber insanlar aras\u0131nda sa\u00e7\u0131n fiziksel g\u00fcc\u00fc oldu\u011fu da kabul edilir. \u00d6nceki \u00e7a\u011flarda insanlar sa\u00e7lar\u0131n erkeksi bir g\u00fc\u00e7 verdi\u011fini d\u00fc\u015f\u00fcnm\u00fc\u015fler. Hatta kel olan erkeklerin k\u0131s\u0131r olabilece\u011fine dair g\u00f6r\u00fc\u015fleri bile varm\u0131\u015f. \u0130nsanlar \u00f6nceden g\u00fcc\u00fc sa\u00e7la ili\u015fkilendirirmi\u015f. Bunun i\u00e7in \u00f6nceki medeniyetlerde erkeklerde hep uzun sa\u00e7 tercih edilmi\u015f. Sa\u00e7 d\u00f6k\u00fclmesini erke\u011fin g\u00fc\u00e7l\u00fc olmamas\u0131na ve iradesiz biri olmas\u0131na ba\u011flam\u0131\u015flar. Bu y\u00fczden sa\u00e7\u0131 g\u00fcr olan erkekleri daha \u00e7ok tercih etmi\u015fler.<\/p>\n<p class=\"p1\">Sa\u00e7\u0131n bu fiziksel g\u00fcc\u00fc yan\u0131nda biyolojik \u00f6nemi de olduk\u00e7a fazlad\u0131r. Sa\u00e7 diplerimizde bulunan keratin ad\u0131 verilen bu protein \u00f6l\u00fc deri h\u00fccrelerinin bir araya gelmesiyle olu\u015fur. Bu protein sa\u00e7\u0131n\u0131z i\u00e7in \u00e7ok \u00f6nemlidir. Sa\u00e7lar\u0131n sa\u011fl\u0131kl\u0131 bir \u015fekilde uzamas\u0131n\u0131 sa\u011flar. \u00c7o\u011fu insanda yeterli miktarda bulunmad\u0131\u011f\u0131ndan dolay\u0131 keratin bak\u0131m\u0131 yapt\u0131rmak \u00f6nemli hale gelmi\u015ftir. Keratin ne kadar fazla olursa sa\u00e7lar o kadar h\u0131zl\u0131 ve sa\u011fl\u0131kl\u0131 bir \u015fekilde uzar. Sa\u00e7lar\u0131n fazla olmas\u0131 ve h\u0131zl\u0131 uzamas\u0131 da biyolojik a\u00e7\u0131dan \u00e7ok \u00f6nemlidir. \u00c7\u00fcnk\u00fc ba\u015f\u0131m\u0131z\u0131n \u00fcst\u00fcnde bulunan sa\u00e7lar kafa derisinin direkt g\u00fcne\u015f \u0131\u015f\u0131nlar\u0131na maruz kalmas\u0131n\u0131 engeller. Bu bizi g\u00fcne\u015fin zararl\u0131 UV<span class=\"Apple-converted-space\">\u00a0 <\/span>\u0131\u015f\u0131nlar\u0131ndan korumaya yard\u0131mc\u0131 olur.<\/p>\n<p class=\"p1\">Ayn\u0131 zamanda sa\u00e7lar, sa\u00e7 diplerine ve kafa derisine havan\u0131n giri\u015fini de sa\u011flar. B\u00f6ylece hava kafa derisinde dolan\u0131rken ortam \u0131s\u0131s\u0131na g\u00f6re kafa derisini fazla s\u0131caktan korur. Bu sayede v\u00fccut \u0131s\u0131s\u0131n\u0131 sa\u00e7 diplerine hapseder ve v\u00fccudun \u0131s\u0131 dengesini sa\u011flam\u0131\u015f olur.<span class=\"Apple-converted-space\">\u00a0<\/span><\/p>\n<p class=\"p1\">Bununla beraber sa\u00e7lar kan\u0131m\u0131zla da ilgili bilgiler verir. E\u011fer kanda a\u011f\u0131r kimyasallar bulunuyorsa kur\u015fun veya c\u0131va gibi bunlar\u0131 test s\u0131ras\u0131nda a\u00e7\u0131\u011fa \u00e7\u0131kar\u0131r. \u00c7\u00fcnk\u00fc sa\u00e7lar a\u011f\u0131r kimyasallar\u0131 tutma e\u011filimine sahiptir. Ayr\u0131ca sa\u00e7lar\u0131m\u0131z, v\u00fccudumuzda bulunan mesajlar\u0131 iletmede g\u00f6revli n\u00f6ronlar\u0131 da uyard\u0131\u011f\u0131 i\u00e7in davran\u0131\u015flar\u0131m\u0131zla bile do\u011frudan etkilidir. Sa\u00e7lar\u0131n\u0131zda neler oldu\u011funu merak ediyorsan\u0131z mutlaka sa\u00e7 testi yapt\u0131rmal\u0131s\u0131n\u0131z.<\/p>\n","protected":false},"excerpt":{"rendered":"<p>Sa\u00e7, insanlar i\u00e7in her zaman sosyal \u00f6neme sahip olmu\u015ftur. Bununla beraber insanlar aras\u0131nda sa\u00e7\u0131n fiziksel g\u00fcc\u00fc oldu\u011fu da kabul edilir. \u00d6nceki \u00e7a\u011flarda insanlar sa\u00e7lar\u0131n erkeksi bir g\u00fc\u00e7 verdi\u011fini d\u00fc\u015f\u00fcnm\u00fc\u015fler. Hatta kel olan erkeklerin k\u0131s\u0131r olabilece\u011fine dair g\u00f6r\u00fc\u015fleri bile varm\u0131\u015f. \u0130nsanlar \u00f6nceden g\u00fcc\u00fc sa\u00e7la ili\u015fkilendirirmi\u015f. Bunun i\u00e7in \u00f6nceki medeniyetlerde erkeklerde hep uzun sa\u00e7 tercih edilmi\u015f. Sa\u00e7 [&hellip;]<\/p>\n","protected":false},"author":1,"featured_media":999957278,"comment_status":"open","ping_status":"open","sticky":false,"template":"","format":"standard","meta":{"_jf_save_progress":"","footnotes":""},"categories":[125],"tags":[130,126,128,131,129],"class_list":["post-999957290","post","type-post","status-publish","format-standard","has-post-thumbnail","hentry","category-blog-tr","tag-keratin-tr","tag-sac-dokulmesi","tag-sac-testi","tag-sacin-biyolojik-onemi","tag-saclarin-erkeksi-gucu"],"_links":{"self":[{"href":"https:\/\/www.estevitalyahair.com\/tr\/wp-json\/wp\/v2\/posts\/999957290","targetHints":{"allow":["GET"]}}],"collection":[{"href":"https:\/\/www.estevitalyahair.com\/tr\/wp-json\/wp\/v2\/posts"}],"about":[{"href":"https:\/\/www.estevitalyahair.com\/tr\/wp-json\/wp\/v2\/types\/post"}],"author":[{"embeddable":true,"href":"https:\/\/www.estevitalyahair.com\/tr\/wp-json\/wp\/v2\/users\/1"}],"replies":[{"embeddable":true,"href":"https:\/\/www.estevitalyahair.com\/tr\/wp-json\/wp\/v2\/comments?post=999957290"}],"version-history":[{"count":0,"href":"https:\/\/www.estevitalyahair.com\/tr\/wp-json\/wp\/v2\/posts\/999957290\/revisions"}],"wp:featuredmedia":[{"embeddable":true,"href":"https:\/\/www.estevitalyahair.com\/tr\/wp-json\/wp\/v2\/media\/999957278"}],"wp:attachment":[{"href":"https:\/\/www.estevitalyahair.com\/tr\/wp-json\/wp\/v2\/media?parent=999957290"}],"wp:term":[{"taxonomy":"category","embeddable":true,"href":"https:\/\/www.estevitalyahair.com\/tr\/wp-json\/wp\/v2\/categories?post=999957290"},{"taxonomy":"post_tag","embeddable":true,"href":"https:\/\/www.estevitalyahair.com\/tr\/wp-json\/wp\/v2\/tags?post=999957290"}],"curies":[{"name":"wp","href":"https:\/\/api.w.org\/{rel}","templated":true}]}}