{"id":999957292,"date":"2022-02-04T14:52:00","date_gmt":"2022-02-04T14:52:00","guid":{"rendered":"https:\/\/estevitalyahair.com\/sacin-sanattaki-onemi\/"},"modified":"2022-02-04T18:52:23","modified_gmt":"2022-02-04T18:52:23","slug":"sacin-sanattaki-onemi","status":"publish","type":"post","link":"https:\/\/www.estevitalyahair.com\/tr\/sacin-sanattaki-onemi\/","title":{"rendered":"Sa\u00e7\u0131n Sanattaki \u00d6nemi"},"content":{"rendered":"<p>Tarihte ge\u00e7mi\u015ften g\u00fcn\u00fcm\u00fcze kadar sa\u00e7lar her zaman ilgi g\u00f6rm\u00fc\u015ft\u00fcr. Farkl\u0131 k\u00fclt\u00fcrlerde g\u00fcc\u00fc, itibar\u0131, mistik enerjiyi, sava\u015f\u00e7\u0131 kimli\u011fi temsil etmi\u015ftir. Baz\u0131 k\u00fclt\u00fcrlerde ise g\u00fczelli\u011fi ve \u00e7ekicili\u011fi temsil etmi\u015ftir. Bu y\u00fczden sa\u00e7lar\u0131n estetik alg\u0131s\u0131 \u00f6nemli hale gelmi\u015ftir. <\/p>\n<p>Sa\u00e7lar\u0131n bu estetik alg\u0131s\u0131 sanata da yans\u0131m\u0131\u015ft\u0131r. Sa\u00e7a y\u00fcklenen bu anlamlar sanat eserleri ile birle\u015fince daha iyi ifade edilmi\u015ftir. Sa\u00e7lar\u0131 sanat\u0131na yans\u0131tmay\u0131 seven \u00fcnl\u00fc ressam Sandro Botticelli \u2018\u2019Ven\u00fcs\u2019\u00fcn Do\u011fu\u015fu\u2019\u2019 isimli eserinde alt\u0131n renkli ipeksi sa\u00e7larla estetik g\u00f6r\u00fcnt\u00fcy\u00fc \u00f6n planda tutmu\u015ftur. Botticelli burada sa\u00e7\u0131 sadece kad\u0131ndaki g\u00fczellik alg\u0131s\u0131 \u00fczerinde kullanmam\u0131\u015ft\u0131r. Burada Ven\u00fcs\u2019\u00fcn g\u00fcc\u00fcn\u00fc, g\u00fczelli\u011fini g\u00f6stermek i\u00e7in sa\u00e7\u0131 kulland\u0131. Sa\u00e7\u0131n k\u00fclt\u00fcrdeki \u00f6nemini sanat eserine yans\u0131tm\u0131\u015ft\u0131r. <\/p>\n<p>Bunun yan\u0131nda \u00f6nemli b\u00fcy\u00fck liderlerin resmedildi\u011fi tablolara bak\u0131ld\u0131\u011f\u0131nda da sa\u00e7\u0131n \u00f6nemini g\u00f6r\u00fcr\u00fcz. B\u00fcy\u00fck \u0130skender\u2019in tasvir edildi\u011fi tablolara bak\u0131ld\u0131\u011f\u0131nda sa\u00e7lar\u0131n\u0131n alt\u0131n renkli parlak ve bukleli oldu\u011fu g\u00f6r\u00fcl\u00fcr. Burada sa\u00e7 estetik g\u00fczelli\u011fi g\u00f6stermez. B\u00fcy\u00fck \u0130skender\u2019in aslan yelesi gibi sa\u00e7lar\u0131 onun g\u00fcc\u00fcn\u00fc ve sava\u015f\u00e7\u0131l\u0131\u011f\u0131n\u0131 temsil eder. Liderlerin sa\u00e7lar\u0131n\u0131n bu \u015fekilde tasvir edilmi\u015f olmas\u0131 onlar\u0131n g\u00fcc\u00fcn\u00fc g\u00f6sterir. <\/p>\n<p>Mitolojilerin konu oldu\u011fu sanat eserlerinde ise sa\u00e7lar yine \u00f6n plandad\u0131r. \u00c7\u00fcnk\u00fc sa\u00e7 ve g\u00fc\u00e7 aras\u0131ndaki ba\u011flant\u0131 direkt sanat\u0131 etkilemi\u015ftir. <\/p>\n<p>\u00c7o\u011fu sanat\u00e7\u0131 kendi eserlerinde sa\u00e7lar\u0131 farkl\u0131 bak\u0131\u015f a\u00e7\u0131lar\u0131yla i\u015flemi\u015ftir. Her ne kadar bak\u0131\u015f a\u00e7\u0131lar\u0131 farkl\u0131 olsa da sa\u00e7 sanat eserlerini do\u011frudan etkilemi\u015ftir. <\/p>\n<p>Bunun yan\u0131nda sa\u00e7lar Eski Roma d\u00f6neminde yap\u0131lan heykelleri de etkilemi\u015ftir. Eski Roma d\u00f6neminde toplumsal alanlarda yap\u0131lan heykellerde sa\u00e7lar daha \u00e7ok \u00f6n planda tutulurdu. \u00c7\u00fcnk\u00fc Eski Roma d\u00f6neminde sa\u00e7lar, ki\u015finin onurunu, karakterini temsil ederdi. Bu y\u00fczden heykeli yap\u0131lan ki\u015filerin her zaman sa\u00e7lar\u0131 daha \u00e7ok \u00f6nem g\u00f6rm\u00fc\u015ft\u00fcr.  \u00c7\u00fcnk\u00fc sa\u00e7\u0131n bilin\u00e7alt\u0131n\u0131 etkiledi\u011fi d\u00fc\u015f\u00fcn\u00fcl\u00fcrd\u00fc. Sa\u00e7\u0131n \u00f6nemi sanat\u0131n her dal\u0131n\u0131 etkiledi\u011fi gibi yap\u0131lan heykelleri de do\u011frudan etkilemi\u015ftir. <\/p>\n","protected":false},"excerpt":{"rendered":"<p>Tarihte ge\u00e7mi\u015ften g\u00fcn\u00fcm\u00fcze kadar sa\u00e7lar her zaman ilgi g\u00f6rm\u00fc\u015ft\u00fcr. Farkl\u0131 k\u00fclt\u00fcrlerde g\u00fcc\u00fc, itibar\u0131, mistik enerjiyi, sava\u015f\u00e7\u0131 kimli\u011fi temsil etmi\u015ftir. Baz\u0131 k\u00fclt\u00fcrlerde ise g\u00fczelli\u011fi ve \u00e7ekicili\u011fi temsil etmi\u015ftir. Bu y\u00fczden sa\u00e7lar\u0131n estetik alg\u0131s\u0131 \u00f6nemli hale gelmi\u015ftir. Sa\u00e7lar\u0131n bu estetik alg\u0131s\u0131 sanata da yans\u0131m\u0131\u015ft\u0131r. Sa\u00e7a y\u00fcklenen bu anlamlar sanat eserleri ile birle\u015fince daha iyi ifade edilmi\u015ftir. Sa\u00e7lar\u0131 [&hellip;]<\/p>\n","protected":false},"author":1,"featured_media":999961247,"comment_status":"open","ping_status":"open","sticky":false,"template":"","format":"standard","meta":{"_jf_save_progress":"","footnotes":""},"categories":[125],"tags":[150,148,146,147,149],"class_list":["post-999957292","post","type-post","status-publish","format-standard","has-post-thumbnail","hentry","category-blog-tr","tag-eski-roma-donemi-heykelleri","tag-sac-ve-guc","tag-sacin-sanattaki-onemi","tag-saclarin-estetik-algisi","tag-yapilan-heykellerde-saclar"],"_links":{"self":[{"href":"https:\/\/www.estevitalyahair.com\/tr\/wp-json\/wp\/v2\/posts\/999957292","targetHints":{"allow":["GET"]}}],"collection":[{"href":"https:\/\/www.estevitalyahair.com\/tr\/wp-json\/wp\/v2\/posts"}],"about":[{"href":"https:\/\/www.estevitalyahair.com\/tr\/wp-json\/wp\/v2\/types\/post"}],"author":[{"embeddable":true,"href":"https:\/\/www.estevitalyahair.com\/tr\/wp-json\/wp\/v2\/users\/1"}],"replies":[{"embeddable":true,"href":"https:\/\/www.estevitalyahair.com\/tr\/wp-json\/wp\/v2\/comments?post=999957292"}],"version-history":[{"count":0,"href":"https:\/\/www.estevitalyahair.com\/tr\/wp-json\/wp\/v2\/posts\/999957292\/revisions"}],"wp:featuredmedia":[{"embeddable":true,"href":"https:\/\/www.estevitalyahair.com\/tr\/wp-json\/wp\/v2\/media\/999961247"}],"wp:attachment":[{"href":"https:\/\/www.estevitalyahair.com\/tr\/wp-json\/wp\/v2\/media?parent=999957292"}],"wp:term":[{"taxonomy":"category","embeddable":true,"href":"https:\/\/www.estevitalyahair.com\/tr\/wp-json\/wp\/v2\/categories?post=999957292"},{"taxonomy":"post_tag","embeddable":true,"href":"https:\/\/www.estevitalyahair.com\/tr\/wp-json\/wp\/v2\/tags?post=999957292"}],"curies":[{"name":"wp","href":"https:\/\/api.w.org\/{rel}","templated":true}]}}