{"id":999957294,"date":"2021-12-07T09:32:38","date_gmt":"2021-12-07T09:32:38","guid":{"rendered":"https:\/\/estevitalyahair.com\/sac-ekiminde-analiz-ve-planlama\/"},"modified":"2022-12-20T07:18:31","modified_gmt":"2022-12-20T07:18:31","slug":"sac-ekiminde-analiz-ve-planlama","status":"publish","type":"post","link":"https:\/\/www.estevitalyahair.com\/tr\/sac-ekiminde-analiz-ve-planlama\/","title":{"rendered":"Sa\u00e7 Ekiminde Analiz ve Planlama"},"content":{"rendered":"<p><strong>Sa\u00e7 ekimi analizinde dikkat edilmesi gerekenler<\/strong><\/p>\n<p>Sa\u00e7 ekimi operasyonlar\u0131nda en \u00f6nemli noktalar analiz ve planlamad\u0131r. Sa\u00e7 analizi i\u00e7in ki\u015finin sa\u00e7 yap\u0131s\u0131na ve sa\u00e7 d\u00f6k\u00fclme \u00e7e\u015fidine bak\u0131l\u0131r. Sonras\u0131nda kelle\u015fme oran\u0131na bak\u0131larak don\u00f6r b\u00f6lgesinde bulunan k\u0131l k\u00f6kleri incelenir. Bu i\u015flemlerden sonra ki\u015finin sa\u00e7\u0131n\u0131n yap\u0131s\u0131 de\u011ferlendirilir ve sa\u00e7\u0131n \u00f6zelliklerine g\u00f6re ka\u00e7 greft toplanaca\u011f\u0131 kararla\u015ft\u0131r\u0131l\u0131r. Sonras\u0131nda ise bu greftlerin nas\u0131l yerle\u015ftirilece\u011fi doktor ve hasta aras\u0131nda kararla\u015ft\u0131r\u0131l\u0131r.<\/p>\n<p>Doktor ve hasta yap\u0131lan bu planlama s\u0131ras\u0131nda sa\u00e7 yap\u0131s\u0131n\u0131n ve yo\u011funlu\u011funun do\u011fru kararla\u015ft\u0131r\u0131lmas\u0131 \u00e7ok \u00f6nemlidir. \u00d6rne\u011fin don\u00f6r b\u00f6lgesindeki sa\u00e7 yo\u011funlu\u011fu bak\u0131larak planlama yap\u0131lmal\u0131d\u0131r. Bunun i\u00e7in doktor ve hasta aras\u0131ndaki ileti\u015fim de \u00e7ok \u00f6nemlidir.<\/p>\n<p>Ayn\u0131 zamanda planlama yap\u0131l\u0131rken hastan\u0131n y\u00fcz hatlar\u0131 da de\u011ferlendirilerek \u00f6n sa\u00e7 \u00e7izgisi belirlenirken sa\u00e7\u0131n yo\u011funlu\u011fu da dikkate al\u0131n\u0131r. Bu noktada \u00f6n sa\u00e7 \u00e7izgisini belirlerken doktorun estetik bak\u0131\u015f a\u00e7\u0131s\u0131 da \u00f6nemlidir. Bu a\u015famada doktor ve hasta beraber \u00f6n sa\u00e7 \u00e7izgisinin nereden ba\u015flayaca\u011f\u0131na karar verirler. Ki\u015finin aln\u0131n\u0131n \u00e7izgisinin bulundu\u011fu nokta \u00f6n sa\u00e7 \u00e7izgisini ba\u015flat\u0131rken yard\u0131mc\u0131 olmaktad\u0131r. B\u00f6ylelikle sa\u00e7 ekiminde do\u011fall\u0131k sa\u011flanm\u0131\u015f olur. Al\u0131n \u00e7izgisi doktor ve hasta taraf\u0131ndan da belirlenebilir. \u00d6n sa\u00e7 \u00e7izgisi do\u011frudan do\u011fall\u0131\u011f\u0131 etkiledi\u011finden ki\u015finin al\u0131n \u00e7izgi doktor ve hasta ile beraber belirlenir. Ki\u015finin al\u0131n \u00e7izgisinden fazla \u00f6nde ba\u015flayan veya fazla geriden ba\u015flayan sa\u00e7lar do\u011fal g\u00f6r\u00fcn\u00fcm\u00fc olumsuz etkileyecektir.<\/p>\n<p>Sa\u00e7 ekim ve planlama i\u015flemlerinizi Estevitalya Hair Sa\u00e7 Ekim Merkezi\u2019nde yapt\u0131rabilirsiniz.<\/p>\n","protected":false},"excerpt":{"rendered":"<p>Sa\u00e7 ekimi analizinde dikkat edilmesi gerekenler Sa\u00e7 ekimi operasyonlar\u0131nda en \u00f6nemli noktalar analiz ve planlamad\u0131r. Sa\u00e7 analizi i\u00e7in ki\u015finin sa\u00e7 yap\u0131s\u0131na ve sa\u00e7 d\u00f6k\u00fclme \u00e7e\u015fidine bak\u0131l\u0131r. Sonras\u0131nda kelle\u015fme oran\u0131na bak\u0131larak don\u00f6r b\u00f6lgesinde bulunan k\u0131l k\u00f6kleri incelenir. Bu i\u015flemlerden sonra ki\u015finin sa\u00e7\u0131n\u0131n yap\u0131s\u0131 de\u011ferlendirilir ve sa\u00e7\u0131n \u00f6zelliklerine g\u00f6re ka\u00e7 greft toplanaca\u011f\u0131 kararla\u015ft\u0131r\u0131l\u0131r. Sonras\u0131nda ise bu greftlerin [&hellip;]<\/p>\n","protected":false},"author":1,"featured_media":999957282,"comment_status":"open","ping_status":"open","sticky":false,"template":"","format":"standard","meta":{"_jf_save_progress":"","footnotes":""},"categories":[125],"tags":[140,143,139,156,157,160,144,155,158,159],"class_list":["post-999957294","post","type-post","status-publish","format-standard","has-post-thumbnail","hentry","category-blog-tr","tag-antalya-sac-ekimi","tag-antalya-sac-ekimi-fiyatlari","tag-antalyahair-tr","tag-dhi-sac-ekimi-antalya","tag-sac-ekimi-analizi","tag-sac-ekimi-analizinde-dikkat-edilmesi-gerekenler","tag-sac-ekimi-antalya-turkiye","tag-sac-ekiminde-analiz-ve-planlama","tag-sac-ekiminde-analiz-ve-planlama-tr","tag-turkiyede-sac-ekimi-ne-kadar"],"_links":{"self":[{"href":"https:\/\/www.estevitalyahair.com\/tr\/wp-json\/wp\/v2\/posts\/999957294","targetHints":{"allow":["GET"]}}],"collection":[{"href":"https:\/\/www.estevitalyahair.com\/tr\/wp-json\/wp\/v2\/posts"}],"about":[{"href":"https:\/\/www.estevitalyahair.com\/tr\/wp-json\/wp\/v2\/types\/post"}],"author":[{"embeddable":true,"href":"https:\/\/www.estevitalyahair.com\/tr\/wp-json\/wp\/v2\/users\/1"}],"replies":[{"embeddable":true,"href":"https:\/\/www.estevitalyahair.com\/tr\/wp-json\/wp\/v2\/comments?post=999957294"}],"version-history":[{"count":0,"href":"https:\/\/www.estevitalyahair.com\/tr\/wp-json\/wp\/v2\/posts\/999957294\/revisions"}],"wp:featuredmedia":[{"embeddable":true,"href":"https:\/\/www.estevitalyahair.com\/tr\/wp-json\/wp\/v2\/media\/999957282"}],"wp:attachment":[{"href":"https:\/\/www.estevitalyahair.com\/tr\/wp-json\/wp\/v2\/media?parent=999957294"}],"wp:term":[{"taxonomy":"category","embeddable":true,"href":"https:\/\/www.estevitalyahair.com\/tr\/wp-json\/wp\/v2\/categories?post=999957294"},{"taxonomy":"post_tag","embeddable":true,"href":"https:\/\/www.estevitalyahair.com\/tr\/wp-json\/wp\/v2\/tags?post=999957294"}],"curies":[{"name":"wp","href":"https:\/\/api.w.org\/{rel}","templated":true}]}}