{"id":999957295,"date":"2022-02-04T18:58:59","date_gmt":"2022-02-04T18:58:59","guid":{"rendered":"https:\/\/estevitalyahair.com\/sac-ekimi-sonrasi-prp-tedavisi\/"},"modified":"2022-02-04T18:58:59","modified_gmt":"2022-02-04T18:58:59","slug":"sac-ekimi-sonrasi-prp-tedavisi","status":"publish","type":"post","link":"https:\/\/www.estevitalyahair.com\/tr\/sac-ekimi-sonrasi-prp-tedavisi\/","title":{"rendered":"Sa\u00e7 Ekimi Sonras\u0131 PRP Tedavisi"},"content":{"rendered":"<p class=\"p1\">Sa\u00e7 ekimi i\u015flemi sonras\u0131 deride baz\u0131 yaralar ve kabuklanmalar meydana gelmektedir. Bu yaralar ge\u00e7icidir. Bu yaralar\u0131n daha h\u0131zl\u0131 iyile\u015fmesi i\u00e7in ise PRP tedavisi devreye girmektedir. PRP tedavisi; sa\u00e7 ekimi sonras\u0131 derideki yaralar\u0131 daha h\u0131zl\u0131 iyile\u015ftirmek i\u00e7in kullan\u0131lan bir y\u00f6ntemdir. PRP tedavisi uygulanan ki\u015filerde sa\u00e7 k\u00f6klerinin g\u00fc\u00e7lendi\u011fi ve canl\u0131l\u0131\u011f\u0131n\u0131 yitirmi\u015f sa\u00e7lar\u0131n daha sa\u011fl\u0131kl\u0131 oldu\u011fu g\u00f6zlemlenmi\u015ftir.<span class=\"Apple-converted-space\">\u00a0<\/span><\/p>\n<p class=\"p1\"><b>PRP Tedavisi Nedir?<span class=\"Apple-converted-space\">\u00a0<\/span><\/b><\/p>\n<p class=\"p1\">PRP,<span class=\"Apple-converted-space\">\u00a0 <\/span>&#8216;Platelet Rich Plasma&#8217; ifadesinin kelimelerinin ba\u015f harflerinden meydana gelir. PRP tedavisi, ki\u015finin kendi kan\u0131ndan elde edilir ve gerekli yerlere uygulan\u0131r. PRP i\u00e7erisinde \u00e7ok fazla trombosit i\u00e7eren do\u011fal plazma s\u0131v\u0131d\u0131r ve bu s\u0131v\u0131 ki\u015fini kendi kan\u0131 kullan\u0131larak elde edilir. PRP i\u015flemi s\u0131ras\u0131nda ki\u015finin kendi kan\u0131 i\u00e7erisinde bulunan sa\u00e7 ve sa\u00e7 k\u00f6klerinin beslenmesini sa\u011flayacak onlar\u0131 onaracak olan k\u0131s\u0131m ayr\u0131lmaktad\u0131r. Bu elde edilen PRP s\u0131v\u0131s\u0131 yine ki\u015fide buluna zarar g\u00f6rm\u00fc\u015f dokulara enjekte edilerek v\u00fccutta sa\u011fl\u0131kl\u0131 yeni h\u00fccrelerin b\u00fcy\u00fcmesini sa\u011flar. V\u00fccut dokular\u0131nda h\u0131zl\u0131 bir iyile\u015fme sa\u011flar.<span class=\"Apple-converted-space\">\u00a0<\/span><\/p>\n<p class=\"p1\"><b>Sa\u00e7 Ekiminde PRP Tedavisi<span class=\"Apple-converted-space\">\u00a0<\/span><\/b><\/p>\n<p class=\"p1\">PRP tedavisinde; sa\u00e7 ekimi sonras\u0131 deride bulunan ufak yaralar\u0131 iyile\u015ftirmek ve sa\u00e7lar\u0131 g\u00fc\u00e7lendirmek i\u00e7in ki\u015finin kendi kan\u0131ndan PRP s\u0131v\u0131s\u0131 elde edilmek i\u00e7in kullan\u0131l\u0131r. Elde edilen bu trombosit bak\u0131m\u0131ndan y\u00fcksek derecede zengin olan s\u0131v\u0131 ki\u015fiye enjekte edilir. PRP tedavisinde ki\u015finin kendi kan\u0131 kullan\u0131ld\u0131\u011f\u0131 i\u00e7in herhangi bir yan etkisi bulunmamaktad\u0131r. <span class=\"Apple-converted-space\">\u00a0<\/span><\/p>\n<p class=\"p1\"><b>PRP Tedavisi Nas\u0131l Uygulan\u0131r?<\/b><\/p>\n<p class=\"p1\">PRP tedavisinde s\u0131v\u0131 y\u00fczeysel enjeksiyon ile sa\u00e7l\u0131 deriye enjekte edilir. A\u011fr\u0131l\u0131 bir s\u00fcre\u00e7 de\u011fildir. En fazla 30 dakika gibi bir s\u00fcrede PRP tedavisi ger\u00e7ekle\u015ftirilir. PRP tedavisi sonras\u0131 g\u00fcnl\u00fck ya\u015fama hemen d\u00f6n\u00fclebilir. Sa\u00e7 ekimi sonras\u0131 uygulanan PRP tedavisi sonras\u0131 morluk ve \u015fi\u015flik gibi durumlarla kar\u015f\u0131la\u015f\u0131lmaz. Ki\u015fi kolayl\u0131kla PRP i\u015flemi sonras\u0131nda hayat\u0131na d\u00f6nebilir.<span class=\"Apple-converted-space\">\u00a0<\/span><\/p>\n<p class=\"p1\"><b>Sa\u00e7 Ekimi Sonras\u0131 PRP Ne Zaman Yap\u0131lmal\u0131d\u0131r?<\/b><\/p>\n<p class=\"p1\">Sa\u00e7 ekimi sonras\u0131nda uygulama yap\u0131lan b\u00f6lgedeki sa\u00e7lar yakla\u015f\u0131k 2 hafta sonra d\u00f6k\u00fcl\u00fcr. D\u00f6k\u00fcld\u00fckten 2-3 ay sonra ise o b\u00f6lgede yeni sa\u00e7lar \u00e7\u0131kmaya ba\u015flayacakt\u0131r. Bu durumda sa\u00e7 ekimi sonras\u0131nda sa\u00e7lar\u0131n daha sa\u011fl\u0131kl\u0131 ve canl\u0131 g\u00f6r\u00fcnmesi i\u00e7in PRP tedavisi uygulamak daha sa\u011fl\u0131kl\u0131 olacakt\u0131r. Bu bak\u0131mdan PRP tedavisi sa\u00e7 ekimi sonras\u0131nda yeni sa\u00e7lan\u0131n \u00e7\u0131kmaya ba\u015flad\u0131\u011f\u0131 3 ay sonra yap\u0131lmas\u0131 do\u011fru olacakt\u0131r. \u00c7\u00fcnk\u00fc PRP s\u0131v\u0131s\u0131 yeni \u00e7\u0131kan sa\u00e7lar\u0131 besleyecek y\u00fcksek say\u0131da trombosite sahiptir bu sayede sa\u00e7 ekimi sonras\u0131nda sa\u00e7lar\u0131n daha sa\u011fl\u0131kl\u0131 ve canl\u0131 g\u00f6r\u00fcnmesini sa\u011flar.<span class=\"Apple-converted-space\">\u00a0<\/span><\/p>\n","protected":false},"excerpt":{"rendered":"<p>Sa\u00e7 ekimi i\u015flemi sonras\u0131 deride baz\u0131 yaralar ve kabuklanmalar meydana gelmektedir. Bu yaralar ge\u00e7icidir. Bu yaralar\u0131n daha h\u0131zl\u0131 iyile\u015fmesi i\u00e7in ise PRP tedavisi devreye girmektedir. PRP tedavisi; sa\u00e7 ekimi sonras\u0131 derideki yaralar\u0131 daha h\u0131zl\u0131 iyile\u015ftirmek i\u00e7in kullan\u0131lan bir y\u00f6ntemdir. PRP tedavisi uygulanan ki\u015filerde sa\u00e7 k\u00f6klerinin g\u00fc\u00e7lendi\u011fi ve canl\u0131l\u0131\u011f\u0131n\u0131 yitirmi\u015f sa\u00e7lar\u0131n daha sa\u011fl\u0131kl\u0131 oldu\u011fu g\u00f6zlemlenmi\u015ftir.\u00a0 PRP [&hellip;]<\/p>\n","protected":false},"author":1,"featured_media":999957262,"comment_status":"open","ping_status":"open","sticky":false,"template":"","format":"standard","meta":{"_jf_save_progress":"","footnotes":""},"categories":[125],"tags":[161,163,162,164,165,166],"class_list":["post-999957295","post","type-post","status-publish","format-standard","has-post-thumbnail","hentry","category-blog-tr","tag-prp-tr","tag-prp-islemi","tag-prp-sivisi","tag-prp-tedavisi","tag-sac-ekimi-sonrasi-prp","tag-sac-ekimi-sonrasi-prp-tedavisi"],"_links":{"self":[{"href":"https:\/\/www.estevitalyahair.com\/tr\/wp-json\/wp\/v2\/posts\/999957295","targetHints":{"allow":["GET"]}}],"collection":[{"href":"https:\/\/www.estevitalyahair.com\/tr\/wp-json\/wp\/v2\/posts"}],"about":[{"href":"https:\/\/www.estevitalyahair.com\/tr\/wp-json\/wp\/v2\/types\/post"}],"author":[{"embeddable":true,"href":"https:\/\/www.estevitalyahair.com\/tr\/wp-json\/wp\/v2\/users\/1"}],"replies":[{"embeddable":true,"href":"https:\/\/www.estevitalyahair.com\/tr\/wp-json\/wp\/v2\/comments?post=999957295"}],"version-history":[{"count":0,"href":"https:\/\/www.estevitalyahair.com\/tr\/wp-json\/wp\/v2\/posts\/999957295\/revisions"}],"wp:featuredmedia":[{"embeddable":true,"href":"https:\/\/www.estevitalyahair.com\/tr\/wp-json\/wp\/v2\/media\/999957262"}],"wp:attachment":[{"href":"https:\/\/www.estevitalyahair.com\/tr\/wp-json\/wp\/v2\/media?parent=999957295"}],"wp:term":[{"taxonomy":"category","embeddable":true,"href":"https:\/\/www.estevitalyahair.com\/tr\/wp-json\/wp\/v2\/categories?post=999957295"},{"taxonomy":"post_tag","embeddable":true,"href":"https:\/\/www.estevitalyahair.com\/tr\/wp-json\/wp\/v2\/tags?post=999957295"}],"curies":[{"name":"wp","href":"https:\/\/api.w.org\/{rel}","templated":true}]}}