{"id":999957297,"date":"2022-02-04T14:37:47","date_gmt":"2022-02-04T14:37:47","guid":{"rendered":"https:\/\/estevitalyahair.com\/sac-ekimi-yapilan-bolge-travmadan-nasil-korunur\/"},"modified":"2022-02-04T19:03:12","modified_gmt":"2022-02-04T19:03:12","slug":"sac-ekimi-yapilan-bolge-travmadan-nasil-korunur","status":"publish","type":"post","link":"https:\/\/www.estevitalyahair.com\/tr\/sac-ekimi-yapilan-bolge-travmadan-nasil-korunur\/","title":{"rendered":"Sa\u00e7 Ekimi Yap\u0131lan B\u00f6lge Travmadan Nas\u0131l Korunur?"},"content":{"rendered":"<p class=\"p1\"><b>Sa\u00e7 Ekimi Sonras\u0131 Travma Nedir?<\/b><\/p>\n<p class=\"p1\">Sa\u00e7 ekimi ger\u00e7ekle\u015ftirilirken sa\u00e7 k\u00f6klerinin aktar\u0131m\u0131 esnas\u0131nda bir travma ger\u00e7ekle\u015fir. Sa\u00e7 k\u00f6k\u00fc al\u0131nd\u0131\u011f\u0131 b\u00f6lgeden farkl\u0131 b\u00f6lgeye yerle\u015ftirilince o b\u00f6lgeye uyum sa\u011flayana kadar travma ya\u015far. Bu travma sonucunda sa\u00e7 d\u00f6k\u00fclmeleri meydana gelir. Sa\u00e7 ekimi sonras\u0131 bu travmaya ba\u011fl\u0131 d\u00f6k\u00fclmeler olduk\u00e7a normaldir ve do\u011fal bir d\u00f6ng\u00fcd\u00fcr. Fakat bu travmay\u0131 tetikleyen farkl\u0131 durumlar da olabilmektedir.<\/p>\n<p class=\"p1\"><b>Sa\u00e7 Ekimi Travmas\u0131n\u0131 Tetikleyen Fakt\u00f6rler<\/b><\/p>\n<p class=\"p1\">Sa\u00e7 ekimi travmas\u0131n\u0131 etkileyen pek \u00e7ok fakt\u00f6r bulunmaktad\u0131r fakat bunlardan en \u00f6nemlisi sa\u00e7 ekimi sonras\u0131nda darbe al\u0131nmas\u0131d\u0131r. \u00d6rne\u011fin sa\u00e7 ekimi ger\u00e7ekle\u015ftirildikten sonra araca binerken kafay\u0131 \u00e7arpmak sa\u00e7 travmas\u0131n\u0131 olduk\u00e7a etkiler. Bunun yan\u0131nda baz\u0131 ani hareketler de etkilemektedir.<span class=\"Apple-converted-space\">\u00a0<\/span><\/p>\n<p class=\"p1\">Sa\u00e7 travmas\u0131n\u0131 tetikleyen bir di\u011fer durum da hava ko\u015fullar\u0131d\u0131r. Sa\u00e7 ekimi ger\u00e7ekle\u015ftirildikten sonra sa\u00e7 ekimi yap\u0131lan b\u00f6lgenin fazla so\u011fuk havaya, ya\u011fmura maruz kalmas\u0131 da bu durumu etkilemektedir. Bunun yan\u0131nda sa\u00e7 ekimi yap\u0131lan ki\u015fi fazla r\u00fczgarl\u0131 havada d\u0131\u015far\u0131 \u00e7\u0131karsa bu sa\u00e7 k\u00f6klerini etkilemektedir. Eve gidildikten sonra ise uyurken yast\u0131\u011fa s\u00fcrt\u00fcnme veya kafaya bere takmak sa\u00e7 travmas\u0131n\u0131 etkilemektedir.<\/p>\n<p class=\"p1\"><b>Sa\u00e7 Ekimi Yap\u0131lan B\u00f6lgenin Travmadan Korunmas\u0131<\/b><\/p>\n<p class=\"p1\">Sa\u00e7 ekimi ger\u00e7ekle\u015ftirildikten sonra ki\u015fi evine gidebilir. Sa\u00e7 ekimi sonras\u0131nda sa\u00e7 travmas\u0131 ya\u015fanmamas\u0131 i\u00e7in ki\u015fi evine giderken \u015fapka, bere gibi \u015feyler kullanmamal\u0131d\u0131r. Sa\u00e7 ekimi yap\u0131lan b\u00f6lge s\u00fcrt\u00fcnmeye ba\u011fl\u0131 olarak sa\u00e7 travmas\u0131 sebebiyle daha fazla d\u00f6k\u00fclebilir.<span class=\"Apple-converted-space\">\u00a0<\/span><\/p>\n<p class=\"p1\">Ani hareketlerden ka\u00e7\u0131n\u0131lmal\u0131d\u0131r. \u00d6rne\u011fin araba kullan\u0131rken aniden frene basarak \u00f6ne do\u011fru e\u011filme hareketi de sa\u00e7 travmas\u0131n\u0131 etkiler. Bu sebepten dolay\u0131 sa\u00e7 ekimi ger\u00e7ekle\u015ftirildikten sonra araba kullanmak \u00f6nerilmemektedir. Bunun yan\u0131nda hava ko\u015fullar\u0131 da \u00e7ok \u00f6nemlidir. Sa\u00e7 ekimi sonras\u0131nda k\u00f6t\u00fc hava \u015fartlar\u0131nda (ya\u011fmurlu, r\u00fczgarl\u0131, karl\u0131) d\u0131\u015far\u0131 \u00e7\u0131k\u0131lmas\u0131 \u00f6nerilmez. Sa\u00e7 ekimi sonras\u0131nda o b\u00f6lgeye darbe al\u0131nmamal\u0131l\u0131d\u0131r. Bu konuda titiz davran\u0131lmal\u0131d\u0131r. Sa\u00e7 ekimi sonras\u0131 eve gidildi\u011finde ise sa\u00e7 travmas\u0131 olu\u015fmamas\u0131 i\u00e7in yast\u0131\u011fa, koltu\u011fa s\u00fcrt\u00fcnmekten ka\u00e7\u0131n\u0131lmal\u0131d\u0131r. Bu durumlar sa\u00e7 travmas\u0131n\u0131 do\u011frudan etkilemektedir.<\/p>\n","protected":false},"excerpt":{"rendered":"<p>Sa\u00e7 Ekimi Sonras\u0131 Travma Nedir? Sa\u00e7 ekimi ger\u00e7ekle\u015ftirilirken sa\u00e7 k\u00f6klerinin aktar\u0131m\u0131 esnas\u0131nda bir travma ger\u00e7ekle\u015fir. Sa\u00e7 k\u00f6k\u00fc al\u0131nd\u0131\u011f\u0131 b\u00f6lgeden farkl\u0131 b\u00f6lgeye yerle\u015ftirilince o b\u00f6lgeye uyum sa\u011flayana kadar travma ya\u015far. Bu travma sonucunda sa\u00e7 d\u00f6k\u00fclmeleri meydana gelir. Sa\u00e7 ekimi sonras\u0131 bu travmaya ba\u011fl\u0131 d\u00f6k\u00fclmeler olduk\u00e7a normaldir ve do\u011fal bir d\u00f6ng\u00fcd\u00fcr. Fakat bu travmay\u0131 tetikleyen farkl\u0131 durumlar [&hellip;]<\/p>\n","protected":false},"author":1,"featured_media":999957258,"comment_status":"open","ping_status":"open","sticky":false,"template":"","format":"standard","meta":{"_jf_save_progress":"","footnotes":""},"categories":[125],"tags":[171,173,174,172,176],"class_list":["post-999957297","post","type-post","status-publish","format-standard","has-post-thumbnail","hentry","category-blog-tr","tag-sac-ekimi-tr","tag-sac-ekimi-tr-2","tag-sac-ekimi-travmasi","tag-sac-travmasi","tag-travma-nedir"],"_links":{"self":[{"href":"https:\/\/www.estevitalyahair.com\/tr\/wp-json\/wp\/v2\/posts\/999957297","targetHints":{"allow":["GET"]}}],"collection":[{"href":"https:\/\/www.estevitalyahair.com\/tr\/wp-json\/wp\/v2\/posts"}],"about":[{"href":"https:\/\/www.estevitalyahair.com\/tr\/wp-json\/wp\/v2\/types\/post"}],"author":[{"embeddable":true,"href":"https:\/\/www.estevitalyahair.com\/tr\/wp-json\/wp\/v2\/users\/1"}],"replies":[{"embeddable":true,"href":"https:\/\/www.estevitalyahair.com\/tr\/wp-json\/wp\/v2\/comments?post=999957297"}],"version-history":[{"count":0,"href":"https:\/\/www.estevitalyahair.com\/tr\/wp-json\/wp\/v2\/posts\/999957297\/revisions"}],"wp:featuredmedia":[{"embeddable":true,"href":"https:\/\/www.estevitalyahair.com\/tr\/wp-json\/wp\/v2\/media\/999957258"}],"wp:attachment":[{"href":"https:\/\/www.estevitalyahair.com\/tr\/wp-json\/wp\/v2\/media?parent=999957297"}],"wp:term":[{"taxonomy":"category","embeddable":true,"href":"https:\/\/www.estevitalyahair.com\/tr\/wp-json\/wp\/v2\/categories?post=999957297"},{"taxonomy":"post_tag","embeddable":true,"href":"https:\/\/www.estevitalyahair.com\/tr\/wp-json\/wp\/v2\/tags?post=999957297"}],"curies":[{"name":"wp","href":"https:\/\/api.w.org\/{rel}","templated":true}]}}