{"id":999957323,"date":"2021-11-17T10:35:45","date_gmt":"2021-11-17T10:35:45","guid":{"rendered":"https:\/\/estevitalyahair.com\/sac-ekimi\/"},"modified":"2022-12-20T07:16:42","modified_gmt":"2022-12-20T07:16:42","slug":"sac-ekimi-islemi","status":"publish","type":"post","link":"https:\/\/www.estevitalyahair.com\/tr\/sac-ekimi-islemi\/","title":{"rendered":"Sa\u00e7 Ekimi"},"content":{"rendered":"<p><strong>SA\u00c7 EK\u0130M\u0130<\/strong><\/p>\n<p>Sa\u00e7 d\u00f6k\u00fclmesinin genetik yatk\u0131nl\u0131klar, beslenme al\u0131\u015fkanl\u0131klar\u0131, vitamin eksiklikleri ve hatta hava kalitesi gibi bir\u00e7ok nedeni olabilir. \u00d6zellikle Ortado\u011fu ve Do\u011fu Avrupa \u00fclkelerinde \u00e7o\u011fu erkek belli bir ya\u015ftan sonra sa\u00e7 d\u00f6k\u00fclmesi sorunu ya\u015famaktad\u0131r. Sa\u00e7 d\u00f6k\u00fclmesine neden olan fakt\u00f6rlere g\u00f6re bir tedavi y\u00f6ntemi uygulan\u0131r.<\/p>\n<p><strong>Sa\u00e7 ekimi<\/strong>\u00a0sa\u00e7 d\u00f6k\u00fclmesine kar\u015f\u0131 yap\u0131lan ve g\u00fcn\u00fcm\u00fczde en \u00e7ok tercih edilen estetik operasyonlar\u0131n ba\u015f\u0131nda gelmektedir. Genelde erkekler taraf\u0131ndan tercih edilse de bu sorunu ya\u015fayan bayanlar da tercih etmektedir. Bu kadar pop\u00fcler olmas\u0131,\u00a0<strong>sa\u00e7 ekimi nedir<\/strong>\u00a0ve ne yap\u0131lmal\u0131\u00a0<strong>sa\u00e7 ekimi \u00f6ncesi ve sonras\u0131<\/strong> gibi sorular\u0131 g\u00fcndeme getiriyor. <strong>Sa\u00e7 ekimi<\/strong>\u00a0estetik bir operasyon oldu\u011fu i\u00e7in ciddiye al\u0131nmal\u0131d\u0131r. <strong>Sa\u00e7 ekimi \u00f6ncesi ve sonras\u0131<\/strong>\u00a0yap\u0131lmas\u0131 gerekenlere dikkat edilmeli ve g\u00fcvenli bir yerde yap\u0131lmal\u0131d\u0131r.<\/p>\n<h2><strong>Sa\u00e7 ekimi nedir?<\/strong><\/h2>\n<p>Sa\u00e7 ekimi, sa\u00e7 d\u00f6k\u00fclmesine ve kelli\u011fe kar\u015f\u0131 yap\u0131lan bir operasyondur. Genellikle androgenetik alopesi veya toplumda bilindi\u011fi gibi erkek tipi kellik sa\u00e7 ekimi ile tedavi edilebilir. Halk aras\u0131nda erkek tipi kellik olarak bilinse de kad\u0131nlarda da g\u00f6r\u00fclmektedir.<\/p>\n<p>Sa\u00e7 ekiminde sa\u011fl\u0131kl\u0131 sa\u00e7 k\u00f6kleri cerrahi y\u00f6ntemlerle sa\u00e7 k\u00f6k\u00fc olmayan yere nakledilir. Genellikle kelli\u011fin en az g\u00f6r\u00fcld\u00fc\u011f\u00fc yer oldu\u011fu i\u00e7in enseden sa\u011fl\u0131kl\u0131 sa\u00e7 k\u00f6kleri al\u0131n\u0131r, ancak yine de v\u00fccudun ba\u015fka bir b\u00f6lgesinden al\u0131nabilirler. Yap\u0131lan operasyona ve ki\u015fiye g\u00f6re de\u011fi\u015fmekle birlikte bu i\u015flem ortalama 5 saat s\u00fcrmektedir.<\/p>\n<p>Sa\u00e7 ekimi operasyonunda FUT ve FUE y\u00f6ntemleri bulunmaktad\u0131r. FUT y\u00f6ntemi cerrahi bir operasyondur. FUE y\u00f6nteminde sa\u00e7 k\u00f6kleri tek tek toplan\u0131r ve herhangi bir kesi olmad\u0131\u011f\u0131 i\u00e7in cerrahi operasyon say\u0131lmaz. Hastalar ve doktorlar kendileri i\u00e7in en uygun tekni\u011fi belirleyebilirler.<\/p>\n<h3><strong>Sa\u00e7 ekimi \u00f6ncesi ve sonras\u0131 neler yap\u0131lmal\u0131d\u0131r?<\/strong><\/h3>\n<p>Hastalar ameliyat \u00f6ncesi ve sonras\u0131 ne yapmalar\u0131 gerekti\u011fi konusunda \u00f6ncelikle doktorlar\u0131yla konu\u015fmal\u0131 ve doktorlar\u0131n talimatlar\u0131na uymal\u0131d\u0131r. Ancak operasyon \u00f6ncesi ve sonras\u0131nda daha h\u0131zl\u0131 iyile\u015fmek i\u00e7in alkol, sigara, kafein, do\u011fal \u00e7aylar\u0131n kullan\u0131m\u0131na bir s\u00fcre ara verilmelidir. Ayr\u0131ca \u00e7ok fazla kimyasal i\u00e7eren sa\u00e7 bak\u0131m \u00fcr\u00fcnleri ve jellerin kullan\u0131m\u0131na bir s\u00fcre ara vermekte fayda var. Ameliyattan sonra dikkat edilmesi gereken daha \u00e7ok \u015fey vard\u0131r. Hastalar\u0131n \u00f6ncelikle doktorlar\u0131 taraf\u0131ndan re\u00e7ete edilen a\u011fr\u0131 kesici veya di\u011fer ila\u00e7lar\u0131 re\u00e7ete edilen \u015fekilde ve miktarda kullanmalar\u0131 gerekmektedir. Hastalar ba\u015flar\u0131n\u0131 g\u00fcne\u015ften korumal\u0131d\u0131r. Ayr\u0131ca sa\u00e7lar\u0131 boyamamak ve sa\u00e7a zarar verecek \u00fcr\u00fcnler kullanmamak gerekir. Sadece doktor taraf\u0131ndan \u00f6nerilen sa\u00e7 \u00fcr\u00fcnleri kullan\u0131lmal\u0131d\u0131r. Hastalar ayr\u0131ca ba\u015flar\u0131n\u0131 terletecek her t\u00fcrl\u00fc aktiviteden ka\u00e7\u0131nmal\u0131d\u0131r. Ameliyattan sonra baz\u0131 yan etkilerin olmas\u0131 muhtemeldir. \u00c7ok fazla endi\u015felenmemek gerekir, ancak ciddi yan etkiler s\u00f6z konusu oldu\u011funda hastalar doktorlar\u0131na dan\u0131\u015fmal\u0131d\u0131r.<\/p>\n","protected":false},"excerpt":{"rendered":"<p>SA\u00c7 EK\u0130M\u0130 Sa\u00e7 d\u00f6k\u00fclmesinin genetik yatk\u0131nl\u0131klar, beslenme al\u0131\u015fkanl\u0131klar\u0131, vitamin eksiklikleri ve hatta hava kalitesi gibi bir\u00e7ok nedeni olabilir. \u00d6zellikle Ortado\u011fu ve Do\u011fu Avrupa \u00fclkelerinde \u00e7o\u011fu erkek belli bir ya\u015ftan sonra sa\u00e7 d\u00f6k\u00fclmesi sorunu ya\u015famaktad\u0131r. Sa\u00e7 d\u00f6k\u00fclmesine neden olan fakt\u00f6rlere g\u00f6re bir tedavi y\u00f6ntemi uygulan\u0131r. Sa\u00e7 ekimi\u00a0sa\u00e7 d\u00f6k\u00fclmesine kar\u015f\u0131 yap\u0131lan ve g\u00fcn\u00fcm\u00fczde en \u00e7ok tercih edilen [&hellip;]<\/p>\n","protected":false},"author":1,"featured_media":999961251,"comment_status":"open","ping_status":"open","sticky":false,"template":"","format":"standard","meta":{"_jf_save_progress":"","footnotes":""},"categories":[125],"tags":[],"class_list":["post-999957323","post","type-post","status-publish","format-standard","has-post-thumbnail","hentry","category-blog-tr"],"_links":{"self":[{"href":"https:\/\/www.estevitalyahair.com\/tr\/wp-json\/wp\/v2\/posts\/999957323","targetHints":{"allow":["GET"]}}],"collection":[{"href":"https:\/\/www.estevitalyahair.com\/tr\/wp-json\/wp\/v2\/posts"}],"about":[{"href":"https:\/\/www.estevitalyahair.com\/tr\/wp-json\/wp\/v2\/types\/post"}],"author":[{"embeddable":true,"href":"https:\/\/www.estevitalyahair.com\/tr\/wp-json\/wp\/v2\/users\/1"}],"replies":[{"embeddable":true,"href":"https:\/\/www.estevitalyahair.com\/tr\/wp-json\/wp\/v2\/comments?post=999957323"}],"version-history":[{"count":0,"href":"https:\/\/www.estevitalyahair.com\/tr\/wp-json\/wp\/v2\/posts\/999957323\/revisions"}],"wp:featuredmedia":[{"embeddable":true,"href":"https:\/\/www.estevitalyahair.com\/tr\/wp-json\/wp\/v2\/media\/999961251"}],"wp:attachment":[{"href":"https:\/\/www.estevitalyahair.com\/tr\/wp-json\/wp\/v2\/media?parent=999957323"}],"wp:term":[{"taxonomy":"category","embeddable":true,"href":"https:\/\/www.estevitalyahair.com\/tr\/wp-json\/wp\/v2\/categories?post=999957323"},{"taxonomy":"post_tag","embeddable":true,"href":"https:\/\/www.estevitalyahair.com\/tr\/wp-json\/wp\/v2\/tags?post=999957323"}],"curies":[{"name":"wp","href":"https:\/\/api.w.org\/{rel}","templated":true}]}}