{"id":999957325,"date":"2021-11-17T17:59:45","date_gmt":"2021-11-17T17:59:45","guid":{"rendered":"https:\/\/estevitalyahair.com\/kimler-sac-ekimi-yaptirabilir\/"},"modified":"2022-12-19T14:57:18","modified_gmt":"2022-12-19T14:57:18","slug":"kimler-sac-ekimi-yaptirabilir","status":"publish","type":"post","link":"https:\/\/www.estevitalyahair.com\/tr\/kimler-sac-ekimi-yaptirabilir\/","title":{"rendered":"Kimler sa\u00e7 ekimi yapt\u0131rabilir?"},"content":{"rendered":"<p>Kimler sa\u00e7 ekimi yapt\u0131rabilir?<\/p>\n<p>&#8211; Sa\u00e7 ekimi i\u00e7in belirli bir ya\u015f s\u0131n\u0131r\u0131 yoktur, her ya\u015ftan sa\u011fl\u0131kl\u0131 birey sa\u00e7 ekimi yapt\u0131rabilir. Ancak 25 ya\u015f ve \u00fczeri ki\u015filer ameliyat i\u00e7in daha uygun olabilir.<\/p>\n<p>&#8211; Sa\u00e7 ekimi yapt\u0131rmak i\u00e7in sa\u00e7 k\u00f6k\u00fc al\u0131nacak b\u00f6lgedeki sa\u00e7lar\u0131n yeterli miktarda olmas\u0131 ve d\u00f6k\u00fclmemesi gerekir.<\/p>\n<p>&#8211; Sa\u00e7 ekimi cerrahi bir i\u015flem oldu\u011fu i\u00e7in hemofili hastalar\u0131 i\u00e7in risk olu\u015fturmaktad\u0131r. Bu hastalar doktorlar\u0131na dan\u0131\u015fmal\u0131 ve kan p\u0131ht\u0131la\u015fma testi yapt\u0131rmal\u0131d\u0131r.<\/p>\n<p>&#8211; Hepatit C ve HIV gibi kan yoluyla bula\u015fan hastal\u0131klar\u0131 olan ki\u015filere sa\u00e7 ekimi yap\u0131lamaz.<\/p>\n<p>-Sa\u00e7 ekiminde lokal anestezi kullan\u0131l\u0131r ve anesteziye hassasiyeti olanlar doktorlar\u0131na dan\u0131\u015fmadan sa\u00e7 ekimi yapt\u0131ramazlar.<\/p>\n<p>&#8211; Sa\u00e7 ekimi i\u00e7in yeterli don\u00f6r alan olmal\u0131d\u0131r.<\/p>\n<p>&#8211; Sa\u00e7\u0131n korunmas\u0131 ve rengi de \u00f6nemlidir. Koyu sa\u00e7 rengine sahip olmak ki\u015fi i\u00e7in avantajl\u0131 olacakt\u0131r.<\/p>\n<p>-K\u00f6klerin al\u0131naca\u011f\u0131 don\u00f6r alanlar ile k\u00f6klerin ekilece\u011fi sa\u00e7s\u0131z alan birbiriyle uyumlu olmal\u0131d\u0131r. K\u00f6k al\u0131nacak don\u00f6r alanlar tek seansta veya daha fazla seansta kel b\u00f6lgeyi kapatam\u0131yorsa bu i\u015flem do\u011fru de\u011fildir. Operasyon yap\u0131l\u0131rsa don\u00f6r alanlarda \u00e7ok fazla seyreklik ve deformasyon olma olas\u0131l\u0131\u011f\u0131 y\u00fcksektir.<\/p>\n<h2><strong> Kimler sa\u00e7 ekimi yapt\u0131rabilir?<\/strong><\/h2>\n<p><strong>Sa\u00e7 Ekimi Endikasyonlar\u0131<\/strong><\/p>\n<p>Sa\u00e7 ekimi hangi endikasyonlar i\u00e7in yap\u0131labilir?<\/p>\n<p>-Androgenetik alopesi (AGA)<\/p>\n<p>-Kad\u0131n tipi androgenetik alopesi (FAGA) olan kad\u0131n hastalar<\/p>\n<p>-Skatrisyel alopesi<\/p>\n<p>-\u0130kincil sikatrisyel alopesi<\/p>\n<p>-Birincil sikatrisyel alopesi<\/p>\n<p>-Y\u00fcz sa\u00e7 ekimi: Sakal, b\u0131y\u0131k ekimi, ka\u015f ve kirpik ekimi<\/p>\n<p>-Pubik sa\u00e7 ekimi<\/p>\n","protected":false},"excerpt":{"rendered":"<p>Kimler sa\u00e7 ekimi yapt\u0131rabilir? &#8211; Sa\u00e7 ekimi i\u00e7in belirli bir ya\u015f s\u0131n\u0131r\u0131 yoktur, her ya\u015ftan sa\u011fl\u0131kl\u0131 birey sa\u00e7 ekimi yapt\u0131rabilir. Ancak 25 ya\u015f ve \u00fczeri ki\u015filer ameliyat i\u00e7in daha uygun olabilir. &#8211; Sa\u00e7 ekimi yapt\u0131rmak i\u00e7in sa\u00e7 k\u00f6k\u00fc al\u0131nacak b\u00f6lgedeki sa\u00e7lar\u0131n yeterli miktarda olmas\u0131 ve d\u00f6k\u00fclmemesi gerekir. &#8211; Sa\u00e7 ekimi cerrahi bir i\u015flem oldu\u011fu i\u00e7in [&hellip;]<\/p>\n","protected":false},"author":1,"featured_media":999958678,"comment_status":"open","ping_status":"open","sticky":false,"template":"","format":"standard","meta":{"_jf_save_progress":"","footnotes":""},"categories":[125],"tags":[139,196,195,171],"class_list":["post-999957325","post","type-post","status-publish","format-standard","has-post-thumbnail","hentry","category-blog-tr","tag-antalyahair-tr","tag-kimler-sac-ekimi-yaptirabilir-tr","tag-kimler-sac-ekimi-yaptirabilir","tag-sac-ekimi-tr"],"_links":{"self":[{"href":"https:\/\/www.estevitalyahair.com\/tr\/wp-json\/wp\/v2\/posts\/999957325","targetHints":{"allow":["GET"]}}],"collection":[{"href":"https:\/\/www.estevitalyahair.com\/tr\/wp-json\/wp\/v2\/posts"}],"about":[{"href":"https:\/\/www.estevitalyahair.com\/tr\/wp-json\/wp\/v2\/types\/post"}],"author":[{"embeddable":true,"href":"https:\/\/www.estevitalyahair.com\/tr\/wp-json\/wp\/v2\/users\/1"}],"replies":[{"embeddable":true,"href":"https:\/\/www.estevitalyahair.com\/tr\/wp-json\/wp\/v2\/comments?post=999957325"}],"version-history":[{"count":0,"href":"https:\/\/www.estevitalyahair.com\/tr\/wp-json\/wp\/v2\/posts\/999957325\/revisions"}],"wp:featuredmedia":[{"embeddable":true,"href":"https:\/\/www.estevitalyahair.com\/tr\/wp-json\/wp\/v2\/media\/999958678"}],"wp:attachment":[{"href":"https:\/\/www.estevitalyahair.com\/tr\/wp-json\/wp\/v2\/media?parent=999957325"}],"wp:term":[{"taxonomy":"category","embeddable":true,"href":"https:\/\/www.estevitalyahair.com\/tr\/wp-json\/wp\/v2\/categories?post=999957325"},{"taxonomy":"post_tag","embeddable":true,"href":"https:\/\/www.estevitalyahair.com\/tr\/wp-json\/wp\/v2\/tags?post=999957325"}],"curies":[{"name":"wp","href":"https:\/\/api.w.org\/{rel}","templated":true}]}}