{"id":999957599,"date":"2022-01-23T21:40:24","date_gmt":"2022-01-23T21:40:24","guid":{"rendered":"https:\/\/estevitalyahair.com\/sac-ekim-bolgesini-koruyun\/"},"modified":"2022-02-06T19:59:58","modified_gmt":"2022-02-06T19:59:58","slug":"sac-ekim-bolgesini-koruyun","status":"publish","type":"post","link":"https:\/\/www.estevitalyahair.com\/tr\/sac-ekim-bolgesini-koruyun\/","title":{"rendered":"Sa\u00e7 Ekim B\u00f6lgesini Koruyun"},"content":{"rendered":"<h1>Sa\u00e7 Ekim Alan\u0131n\u0131 Koruyun<\/h1>\n<p><strong><span class=\"JsGRdQ\">1. Sa\u00e7 Ekimi Sonras\u0131 Travma<\/span><\/strong><\/p>\n<p class=\"_04xlpA direction-ltr align-start para-style-body\"><span class=\"JsGRdQ\">Sa\u00e7 ekimi s\u0131ras\u0131nda sa\u00e7 k\u00f6klerinin transferi s\u0131ras\u0131nda k\u00fc\u00e7\u00fck travmalar meydana gelir. Sa\u00e7 k\u00f6k\u00fc yeni bir alana yerle\u015ftirildi\u011finde o b\u00f6lgeye adapte olana kadar travma ya\u015far. Bu t\u00fcr travmalardan dolay\u0131 sa\u00e7 d\u00f6k\u00fclmesi g\u00f6r\u00fclebilir ve sa\u00e7 ekimi sonras\u0131 d\u00f6k\u00fclmeler tamamen <\/span><span class=\"JsGRdQ\">normal bir durumdur. Ancak di\u011fer fakt\u00f6rler de travmaya neden olabilir.<\/span><\/p>\n<h2>Sa\u00e7 Ekim Alan\u0131n\u0131 Koruyun<\/h2>\n<p><strong><span class=\"JsGRdQ\">2. Sa\u00e7 ekimi b\u00f6lgesine travmay\u0131 tetikleyen fakt\u00f6rler<\/span><\/strong><\/p>\n<p class=\"_04xlpA direction-ltr align-start para-style-body\"><span class=\"JsGRdQ\">Bir\u00e7ok fakt\u00f6r transplantasyona travmaya neden olabilir. <\/span><span class=\"JsGRdQ\">Bunlar aras\u0131nda en yayg\u0131n olan\u0131 fiziksel travmad\u0131r. \u00d6rne\u011fin sa\u00e7 ekimi sonras\u0131 araca binerken kafay\u0131 \u00e7arpmak olumsuz etkilere neden olabilir. <\/span><span class=\"JsGRdQ\">Sa\u00e7 travmas\u0131n\u0131 tetikleyen bir di\u011fer fakt\u00f6r de hava ko\u015fullar\u0131d\u0131r. \u00c7ok so\u011fuk hava, r\u00fczgar veya ya\u011fmur olumsuz etkileyebilir. <\/span><span class=\"JsGRdQ\">Ayr\u0131ca, ekim yap\u0131lan b\u00f6lgeyi yast\u0131\u011fa s\u00fcrtmek veya uyurken bere takmak travmaya neden olabilir.<\/span><\/p>\n<h3>Sa\u00e7 Ekim Alan\u0131n\u0131 Koruyun<\/h3>\n<p class=\"_04xlpA direction-ltr align-start para-style-body\"><strong><span class=\"JsGRdQ\">3. Sa\u00e7 ekimi sonras\u0131 sa\u00e7 bak\u0131m\u0131 nas\u0131l yap\u0131l\u0131r<\/span><\/strong><\/p>\n<p class=\"_04xlpA direction-ltr align-start para-style-body\"><span class=\"JsGRdQ\">Sa\u00e7 ekiminden sonra ki\u015fi hemen evine gidebilir. Sa\u00e7 travmas\u0131n\u0131 \u00f6nlemek i\u00e7in sa\u00e7 ekimi sonras\u0131 \u015fapka, bere gibi \u015feyler giyilmesi \u00f6nerilmez. Hasta ayr\u0131ca ani hareketlerden ka\u00e7\u0131nmal\u0131d\u0131r. \u00d6rne\u011fin, araba kullan\u0131rken aniden fren yapmak v\u00fccudun \u00f6ne e\u011filmesine ve travmaya neden olabilir. Bu nedenle sa\u00e7 ekimi sonras\u0131 araba kullan\u0131lmas\u0131 \u00f6nerilmez. Hava ko\u015fullar\u0131 da \u00f6nemli bir rol oynamaktad\u0131r. K\u00f6t\u00fc havalarda (ya\u011fmurlu, r\u00fczgarl\u0131, karl\u0131) d\u0131\u015far\u0131 \u00e7\u0131kman\u0131z \u00f6nerilmez. Sa\u00e7 ekimi sonras\u0131 ekim yap\u0131lan b\u00f6lge fiziksel travmalardan korunmal\u0131d\u0131r. Ekstra \u00f6zen g\u00f6sterilmelidir. Ayr\u0131ca hasta ekim yap\u0131lacak b\u00f6lgeyi yast\u0131\u011fa s\u00fcrtmekten ka\u00e7\u0131nmal\u0131d\u0131r<\/span><\/p>\n","protected":false},"excerpt":{"rendered":"<p>Sa\u00e7 Ekim Alan\u0131n\u0131 Koruyun 1. Sa\u00e7 Ekimi Sonras\u0131 Travma Sa\u00e7 ekimi s\u0131ras\u0131nda sa\u00e7 k\u00f6klerinin transferi s\u0131ras\u0131nda k\u00fc\u00e7\u00fck travmalar meydana gelir. Sa\u00e7 k\u00f6k\u00fc yeni bir alana yerle\u015ftirildi\u011finde o b\u00f6lgeye adapte olana kadar travma ya\u015far. Bu t\u00fcr travmalardan dolay\u0131 sa\u00e7 d\u00f6k\u00fclmesi g\u00f6r\u00fclebilir ve sa\u00e7 ekimi sonras\u0131 d\u00f6k\u00fclmeler tamamen normal bir durumdur. Ancak di\u011fer fakt\u00f6rler de travmaya neden [&hellip;]<\/p>\n","protected":false},"author":1,"featured_media":999958699,"comment_status":"open","ping_status":"open","sticky":false,"template":"","format":"standard","meta":{"_jf_save_progress":"","footnotes":""},"categories":[125],"tags":[171,173,174,172,176],"class_list":["post-999957599","post","type-post","status-publish","format-standard","has-post-thumbnail","hentry","category-blog-tr","tag-sac-ekimi-tr","tag-sac-ekimi-tr-2","tag-sac-ekimi-travmasi","tag-sac-travmasi","tag-travma-nedir"],"_links":{"self":[{"href":"https:\/\/www.estevitalyahair.com\/tr\/wp-json\/wp\/v2\/posts\/999957599","targetHints":{"allow":["GET"]}}],"collection":[{"href":"https:\/\/www.estevitalyahair.com\/tr\/wp-json\/wp\/v2\/posts"}],"about":[{"href":"https:\/\/www.estevitalyahair.com\/tr\/wp-json\/wp\/v2\/types\/post"}],"author":[{"embeddable":true,"href":"https:\/\/www.estevitalyahair.com\/tr\/wp-json\/wp\/v2\/users\/1"}],"replies":[{"embeddable":true,"href":"https:\/\/www.estevitalyahair.com\/tr\/wp-json\/wp\/v2\/comments?post=999957599"}],"version-history":[{"count":0,"href":"https:\/\/www.estevitalyahair.com\/tr\/wp-json\/wp\/v2\/posts\/999957599\/revisions"}],"wp:featuredmedia":[{"embeddable":true,"href":"https:\/\/www.estevitalyahair.com\/tr\/wp-json\/wp\/v2\/media\/999958699"}],"wp:attachment":[{"href":"https:\/\/www.estevitalyahair.com\/tr\/wp-json\/wp\/v2\/media?parent=999957599"}],"wp:term":[{"taxonomy":"category","embeddable":true,"href":"https:\/\/www.estevitalyahair.com\/tr\/wp-json\/wp\/v2\/categories?post=999957599"},{"taxonomy":"post_tag","embeddable":true,"href":"https:\/\/www.estevitalyahair.com\/tr\/wp-json\/wp\/v2\/tags?post=999957599"}],"curies":[{"name":"wp","href":"https:\/\/api.w.org\/{rel}","templated":true}]}}