{"id":999964460,"date":"2023-08-03T06:54:26","date_gmt":"2023-08-03T06:54:26","guid":{"rendered":"https:\/\/estevitalyahair.com\/sac-dokulmesinin-sebepleri-ve-cozumleri\/"},"modified":"2023-08-03T06:54:26","modified_gmt":"2023-08-03T06:54:26","slug":"sac-dokulmesinin-sebepleri-ve-cozumleri","status":"publish","type":"post","link":"https:\/\/www.estevitalyahair.com\/tr\/sac-dokulmesinin-sebepleri-ve-cozumleri\/","title":{"rendered":"Sa\u00e7 D\u00f6k\u00fclmesinin Sebepleri ve \u00c7\u00f6z\u00fcmleri"},"content":{"rendered":"<p>Sa\u00e7 d\u00f6k\u00fclmesi her ya\u015ftan kad\u0131n ve erke\u011fi etkileyen yayg\u0131n bir sorundur. Herkes her g\u00fcn birka\u00e7 sa\u00e7 teli kaybetse de, \u00e7ok fazla sa\u00e7 d\u00f6k\u00fclmesi bir\u00e7ok insan\u0131 endi\u015felendirebilir. Sa\u00e7 d\u00f6k\u00fclmesine genleriniz, al\u0131\u015fkanl\u0131klar\u0131n\u0131z, t\u0131bbi durumlar\u0131n\u0131z ve tedavileriniz gibi bir\u00e7ok \u015fey neden olabilir. Bu blog yaz\u0131s\u0131nda sa\u00e7 d\u00f6k\u00fclmesine neyin neden oldu\u011fu ve bu nedenlerle nas\u0131l ba\u015fa \u00e7\u0131k\u0131laca\u011f\u0131 hakk\u0131nda konu\u015faca\u011f\u0131z.<\/p>\n<h3>Peki, neler sa\u00e7 d\u00f6k\u00fclmesine yol a\u00e7abilir?<\/h3>\n<p><strong>Genler:<\/strong> \u0130nsanlar\u0131n sa\u00e7lar\u0131n\u0131 kaybetmelerinin b\u00fcy\u00fck bir nedeni genleridir. Erkek veya kad\u0131n tipi kellik olarak da adland\u0131r\u0131lan androgenetik alopesi, en yayg\u0131n sa\u00e7 d\u00f6k\u00fclmesi t\u00fcr\u00fcd\u00fcr ve ebeveynlerden \u00e7ocuklara ge\u00e7er. Ailenizdeki di\u011fer ki\u015filerin sa\u00e7lar\u0131 d\u00f6k\u00fclm\u00fc\u015fse, sizin de d\u00f6k\u00fclme olas\u0131l\u0131\u011f\u0131n\u0131z y\u00fcksektir.<\/p>\n<p><strong>Hormon de\u011fi\u015fiklikleri:<\/strong> Hormon de\u011fi\u015fiklikleri de sa\u00e7 d\u00f6k\u00fclmesine yol a\u00e7abilir. Hormonlar\u0131n\u0131z hamilelik, menopoz veya tiroidinizle ilgili bir sorun nedeniyle bozulabilir. Bu da sa\u00e7 d\u00f6k\u00fclmesine neden olabilir.<\/p>\n<p><strong>T\u0131bbi rahats\u0131zl\u0131klar:<\/strong> Alopesi areata, kafa derisi hastal\u0131klar\u0131 ve otoimm\u00fcn bozukluklar gibi baz\u0131 t\u0131bbi durumlar sa\u00e7 d\u00f6k\u00fclmesine neden olabilir.<\/p>\n<p><strong>Baz\u0131 ila\u00e7lar:<\/strong> Yan etki olarak kemoterapi ila\u00e7lar\u0131, kan suland\u0131r\u0131c\u0131lar ve uyar\u0131c\u0131lar\u0131n t\u00fcm\u00fc sa\u00e7 d\u00f6k\u00fclmesine neden olabilir.<\/p>\n<p><strong>Beslenme eksiklikleri:<\/strong> Yeterli demir, \u00e7inko, D vitamini ve B vitamini almamak sa\u00e7 d\u00f6k\u00fclmesine neden olabilir.<\/p>\n<p><strong>Sa\u00e7 Stilleri:<\/strong> S\u0131k\u0131 d\u00fc\u011f\u00fcmler, \u00f6rg\u00fcler ve kimyasal i\u015flemler gibi baz\u0131 sa\u00e7 stilleri sa\u00e7 d\u00f6k\u00fclmesine neden olabilir.<\/p>\n<h3>Sa\u00e7 D\u00f6k\u00fclmesi Nas\u0131l Durdurulur?<\/h3>\n<p><strong>Sa\u00e7 d\u00f6k\u00fclmesi konusunda bir uzmanla konu\u015fun:<\/strong> Sa\u00e7 d\u00f6k\u00fclmesini \u00f6nlemenin ilk ad\u0131m\u0131 bir uzmanla konu\u015fmakt\u0131r. Bir profesyonel sa\u00e7 d\u00f6k\u00fclmenizi inceleyebilir ve bununla ba\u015fa \u00e7\u0131kman\u0131n yollar\u0131n\u0131 \u00f6nerebilir.<\/p>\n<p><strong>Sa\u00e7 d\u00f6k\u00fclmesi tedavileri kullan\u0131n:<\/strong> D\u00fc\u015f\u00fck seviyeli lazer terapisi, topikal minoksidil ve oral finasterid gibi tedavilerle sa\u00e7 d\u00f6k\u00fclmesini durdurabilirsiniz. Bu y\u00f6ntemler ya sa\u00e7\u0131n daha h\u0131zl\u0131 uzamas\u0131na yard\u0131mc\u0131 olur ya da tekrar d\u00f6k\u00fclmesini durdurur.<\/p>\n<p><strong>Sa\u00e7 ekimi:<\/strong> \u00c7ok fazla sa\u00e7 kaybeden ki\u015filer i\u00e7in daha invaziv bir se\u00e7enektir. Bu i\u015flem s\u0131ras\u0131nda, kafa derisinin sa\u00e7l\u0131 b\u00f6l\u00fcm\u00fcnden al\u0131nan sa\u00e7 greftleri kelle\u015fen b\u00f6lgelere ekilir.<\/p>\n<p><strong>Sa\u011fl\u0131k sorunlar\u0131n\u0131 kayna\u011f\u0131nda \u00e7\u00f6z\u00fcn:<\/strong> Sa\u00e7 d\u00f6k\u00fclmesinin daha da k\u00f6t\u00fcle\u015fmesini \u00f6nlemek i\u00e7in sa\u011fl\u0131k sorunlar\u0131n\u0131 kayna\u011f\u0131nda \u00e7\u00f6zmek \u00f6nemlidir. Yeterli besin alam\u0131yorsan\u0131z takviye alabilirsiniz, ancak bir sa\u011fl\u0131k sorununuz varsa bir doktora g\u00f6r\u00fcnmeniz gerekebilir.<\/p>\n<p><strong>Ya\u015fam \u015feklinizi de\u011fi\u015ftirin:<\/strong> Ya\u015fam tarz\u0131n\u0131zda baz\u0131 de\u011fi\u015fiklikler yapmak da sa\u00e7 d\u00f6k\u00fclmesini durdurmaya yard\u0131mc\u0131 olabilir. Stresten kurtulmak, iyi beslenmek ve s\u0131k\u0131 sa\u00e7 modellerinden ve uygulamalar\u0131ndan ka\u00e7\u0131nmak, sa\u00e7lar\u0131n sa\u011fl\u0131kl\u0131 bir \u015fekilde uzamas\u0131na yard\u0131mc\u0131 olman\u0131n yollar\u0131d\u0131r.<\/p>\n<p>&nbsp;<\/p>\n<p>Bir\u00e7ok insan sa\u00e7lar\u0131 d\u00f6k\u00fcld\u00fc\u011f\u00fcnde endi\u015felenir ve kendilerini \u00f6zg\u00fcvensiz hisseder. Sa\u00e7 d\u00f6k\u00fclmesine bir\u00e7ok farkl\u0131 \u015fey neden olabilir ve bunu tedavi etmenin de bir\u00e7ok farkl\u0131 yolu vard\u0131r. Yapman\u0131z gereken en iyi \u015feyin ne oldu\u011funu \u00f6\u011frenmek i\u00e7in sa\u00e7 d\u00f6k\u00fclmesi hakk\u0131nda bilgi sahibi biriyle konu\u015fun. Sa\u00e7 d\u00f6k\u00fclmesini durdurman\u0131n ve sa\u011fl\u0131kl\u0131 sa\u00e7lar\u0131n uzamas\u0131na yard\u0131mc\u0131 olman\u0131n sa\u00e7 d\u00f6k\u00fclmesi tedavileri kullanmak, sa\u00e7 ekimi yapt\u0131rmak, altta yatan sa\u011fl\u0131k sorunlar\u0131na dikkat etmek veya ya\u015fam tarz\u0131n\u0131zda de\u011fi\u015fiklikler yapmak gibi bir\u00e7ok yolu vard\u0131r. Sa\u00e7 d\u00f6k\u00fclmesinin kendinizi k\u00f6t\u00fc hissetmenize veya kendinize g\u00fcveninizin azalmas\u0131na neden olmas\u0131na izin vermeyin. Sa\u00e7 ekimi ile ilgili daha fazla bilgi edinmek i\u00e7in bizimle ileti\u015fime ge\u00e7ebilirsiniz.<\/p>\n","protected":false},"excerpt":{"rendered":"<p>Sa\u00e7 d\u00f6k\u00fclmesi her ya\u015ftan kad\u0131n ve erke\u011fi etkileyen yayg\u0131n bir sorundur. Herkes her g\u00fcn birka\u00e7 sa\u00e7 teli kaybetse de, \u00e7ok fazla sa\u00e7 d\u00f6k\u00fclmesi bir\u00e7ok insan\u0131 endi\u015felendirebilir. Sa\u00e7 d\u00f6k\u00fclmesine genleriniz, al\u0131\u015fkanl\u0131klar\u0131n\u0131z, t\u0131bbi durumlar\u0131n\u0131z ve tedavileriniz gibi bir\u00e7ok \u015fey neden olabilir. Bu blog yaz\u0131s\u0131nda sa\u00e7 d\u00f6k\u00fclmesine neyin neden oldu\u011fu ve bu nedenlerle nas\u0131l ba\u015fa \u00e7\u0131k\u0131laca\u011f\u0131 hakk\u0131nda konu\u015faca\u011f\u0131z. [&hellip;]<\/p>\n","protected":false},"author":2,"featured_media":999964449,"comment_status":"open","ping_status":"open","sticky":false,"template":"","format":"standard","meta":{"_jf_save_progress":"","footnotes":""},"categories":[],"tags":[],"class_list":["post-999964460","post","type-post","status-publish","format-standard","has-post-thumbnail","hentry"],"_links":{"self":[{"href":"https:\/\/www.estevitalyahair.com\/tr\/wp-json\/wp\/v2\/posts\/999964460","targetHints":{"allow":["GET"]}}],"collection":[{"href":"https:\/\/www.estevitalyahair.com\/tr\/wp-json\/wp\/v2\/posts"}],"about":[{"href":"https:\/\/www.estevitalyahair.com\/tr\/wp-json\/wp\/v2\/types\/post"}],"author":[{"embeddable":true,"href":"https:\/\/www.estevitalyahair.com\/tr\/wp-json\/wp\/v2\/users\/2"}],"replies":[{"embeddable":true,"href":"https:\/\/www.estevitalyahair.com\/tr\/wp-json\/wp\/v2\/comments?post=999964460"}],"version-history":[{"count":0,"href":"https:\/\/www.estevitalyahair.com\/tr\/wp-json\/wp\/v2\/posts\/999964460\/revisions"}],"wp:featuredmedia":[{"embeddable":true,"href":"https:\/\/www.estevitalyahair.com\/tr\/wp-json\/wp\/v2\/media\/999964449"}],"wp:attachment":[{"href":"https:\/\/www.estevitalyahair.com\/tr\/wp-json\/wp\/v2\/media?parent=999964460"}],"wp:term":[{"taxonomy":"category","embeddable":true,"href":"https:\/\/www.estevitalyahair.com\/tr\/wp-json\/wp\/v2\/categories?post=999964460"},{"taxonomy":"post_tag","embeddable":true,"href":"https:\/\/www.estevitalyahair.com\/tr\/wp-json\/wp\/v2\/tags?post=999964460"}],"curies":[{"name":"wp","href":"https:\/\/api.w.org\/{rel}","templated":true}]}}