{"id":999964479,"date":"2023-06-21T07:40:48","date_gmt":"2023-06-21T07:40:48","guid":{"rendered":"https:\/\/estevitalyahair.com\/sac-ekimi-sonrasi-sac-cikma-asamalari\/"},"modified":"2023-06-21T07:40:48","modified_gmt":"2023-06-21T07:40:48","slug":"sac-ekimi-sonrasi-sac-cikma-asamalari","status":"publish","type":"post","link":"https:\/\/www.estevitalyahair.com\/tr\/sac-ekimi-sonrasi-sac-cikma-asamalari\/","title":{"rendered":"Sa\u00e7 Ekimi Sonras\u0131 Sa\u00e7 \u00c7\u0131kma A\u015famalar\u0131"},"content":{"rendered":"<p>Sa\u00e7 ekiminden sonra sa\u00e7 uzatma s\u00fcreci uzun ve zorlu bir yolculuk olabilir, \u015fimdi sa\u00e7 ekiminden sonra farkl\u0131 sa\u00e7 uzatma a\u015famalar\u0131n\u0131 tart\u0131\u015fal\u0131m.<\/p>\n<h3>A\u015fama 1: Dinlenme A\u015famas\u0131<\/h3>\n<p>Bir ekimden sonra sa\u00e7 b\u00fcy\u00fcmesinin ilk a\u015famas\u0131, telojen a\u015famas\u0131 olarak da bilinen dinlenme a\u015famas\u0131d\u0131r. Bu a\u015fama genellikle nakilden sonra yakla\u015f\u0131k \u00fc\u00e7 ay s\u00fcrer. Bu a\u015famada, nakledilen sa\u00e7 k\u00f6kleri uykuda kal\u0131r ve kafa derisinde g\u00f6zle g\u00f6r\u00fcl\u00fcr bir b\u00fcy\u00fcme olmaz. V\u00fccudun nakil ameliyat\u0131ndan sonra iyile\u015fmek i\u00e7in zamana ihtiyac\u0131 oldu\u011fundan bu tamamen normal ve beklenen bir durumdur.<\/p>\n<h3>A\u015fama 2: B\u00fcy\u00fcme A\u015famas\u0131<\/h3>\n<p>Dinlenme evresinden sonra, nakledilen sa\u00e7 k\u00f6kleri anajen evre olarak da bilinen b\u00fcy\u00fcme evresine girer. Bu a\u015famada sa\u00e7 k\u00f6kleri yeni sa\u00e7 telleri \u00fcretmeye ba\u015flar ve kafa derisinde g\u00f6zle g\u00f6r\u00fcl\u00fcr bir b\u00fcy\u00fcme g\u00f6r\u00fclebilir. Bununla birlikte, b\u00fcy\u00fcme h\u0131z\u0131 ki\u015fiden ki\u015fiye de\u011fi\u015febilir ve sa\u00e7\u0131n tam potansiyeline ula\u015fmas\u0131 12 aya kadar s\u00fcrebilir.<\/p>\n<h3>A\u015fama 3: D\u00f6k\u00fclme A\u015famas\u0131<\/h3>\n<p>Sa\u00e7lar uzamaya ba\u015flad\u0131ktan sonra, katajen evresi olarak da bilinen d\u00f6k\u00fclme evresine girebilir. Bu, sa\u00e7 tellerinin zay\u0131flad\u0131\u011f\u0131 ve d\u00f6k\u00fcld\u00fc\u011f\u00fc do\u011fal bir s\u00fcre\u00e7tir. Bu ge\u00e7ici bir evredir ve alt\u0131 haftaya kadar s\u00fcrebilir. Sa\u00e7lar\u0131n d\u00f6k\u00fclmesi b\u00fcy\u00fcme d\u00f6ng\u00fcs\u00fcn\u00fcn \u00f6nemli bir par\u00e7as\u0131d\u0131r ve yeni sa\u00e7 k\u00f6klerinin daha g\u00fc\u00e7l\u00fc ve sa\u011fl\u0131kl\u0131 sa\u00e7 b\u00fcy\u00fcmesi i\u00e7in yol a\u00e7t\u0131\u011f\u0131n\u0131 g\u00f6sterir.<\/p>\n<h3>A\u015fama 4: B\u00fcy\u00fcmenin Tekrarlanmas\u0131 A\u015famas\u0131<\/h3>\n<p>D\u00f6k\u00fclme a\u015famas\u0131ndan sonra sa\u00e7 k\u00f6kleri yeniden yeni sa\u00e7lar \u00e7\u0131karmaya ba\u015flayacakt\u0131r. Bu s\u00fcrekli bir s\u00fcre\u00e7tir ve birka\u00e7 y\u0131l s\u00fcrebilir. Yeni sa\u00e7 b\u00fcy\u00fcmesinin orijinal sa\u00e7 kadar kal\u0131n veya yo\u011fun olmayabilece\u011fini, ancak zamanla daha kal\u0131n ve dolgun hale gelebilece\u011fini unutmamak \u00f6nemlidir.<\/p>\n<p>&nbsp;<\/p>\n<p><strong>Ekim Sonras\u0131 Sa\u00e7 B\u00fcy\u00fcmesini \u0130yile\u015ftirmek \u0130\u00e7in \u0130pu\u00e7lar\u0131<\/strong><\/p>\n<p><strong>Sa\u011fl\u0131kl\u0131 Bir Diyet Uygulay\u0131n:<\/strong> Vitaminler ve mineraller a\u00e7\u0131s\u0131ndan zengin sa\u011fl\u0131kl\u0131 bir diyet sa\u00e7 b\u00fcy\u00fcmesini te\u015fvik edebilir ve sa\u011fl\u0131kl\u0131 sa\u00e7lar\u0131n korunmas\u0131na yard\u0131mc\u0131 olabilir.<\/p>\n<p><strong>Sigara ve Alkolden Ka\u00e7\u0131n\u0131n:<\/strong> Sigara ve alkol sa\u00e7 b\u00fcy\u00fcmesini engelleyebilir ve ekim sonras\u0131 iyile\u015fme s\u00fcrecini geciktirebilir.<\/p>\n<p><strong>Sa\u00e7 Derinizi Koruyun:<\/strong> Sa\u011fl\u0131kl\u0131 sa\u00e7 b\u00fcy\u00fcmesini sa\u011flamak i\u00e7in sa\u00e7 derinizi g\u00fcne\u015ften, tozdan ve kirlilikten koruyun.<\/p>\n<p><strong>Hafif \u015eampuan Kullan\u0131n:<\/strong> Sa\u00e7 k\u00f6klerine zarar vermekten ka\u00e7\u0131nmak ve sa\u011fl\u0131kl\u0131 sa\u00e7 b\u00fcy\u00fcmesini desteklemek i\u00e7in hafif bir \u015fampuan kullan\u0131n.<\/p>\n","protected":false},"excerpt":{"rendered":"<p>Sa\u00e7 ekiminden sonra sa\u00e7 uzatma s\u00fcreci uzun ve zorlu bir yolculuk olabilir, \u015fimdi sa\u00e7 ekiminden sonra farkl\u0131 sa\u00e7 uzatma a\u015famalar\u0131n\u0131 tart\u0131\u015fal\u0131m. A\u015fama 1: Dinlenme A\u015famas\u0131 Bir ekimden sonra sa\u00e7 b\u00fcy\u00fcmesinin ilk a\u015famas\u0131, telojen a\u015famas\u0131 olarak da bilinen dinlenme a\u015famas\u0131d\u0131r. Bu a\u015fama genellikle nakilden sonra yakla\u015f\u0131k \u00fc\u00e7 ay s\u00fcrer. Bu a\u015famada, nakledilen sa\u00e7 k\u00f6kleri uykuda kal\u0131r [&hellip;]<\/p>\n","protected":false},"author":2,"featured_media":999964263,"comment_status":"open","ping_status":"open","sticky":false,"template":"","format":"standard","meta":{"_jf_save_progress":"","footnotes":""},"categories":[],"tags":[],"class_list":["post-999964479","post","type-post","status-publish","format-standard","has-post-thumbnail","hentry"],"_links":{"self":[{"href":"https:\/\/www.estevitalyahair.com\/tr\/wp-json\/wp\/v2\/posts\/999964479","targetHints":{"allow":["GET"]}}],"collection":[{"href":"https:\/\/www.estevitalyahair.com\/tr\/wp-json\/wp\/v2\/posts"}],"about":[{"href":"https:\/\/www.estevitalyahair.com\/tr\/wp-json\/wp\/v2\/types\/post"}],"author":[{"embeddable":true,"href":"https:\/\/www.estevitalyahair.com\/tr\/wp-json\/wp\/v2\/users\/2"}],"replies":[{"embeddable":true,"href":"https:\/\/www.estevitalyahair.com\/tr\/wp-json\/wp\/v2\/comments?post=999964479"}],"version-history":[{"count":0,"href":"https:\/\/www.estevitalyahair.com\/tr\/wp-json\/wp\/v2\/posts\/999964479\/revisions"}],"wp:featuredmedia":[{"embeddable":true,"href":"https:\/\/www.estevitalyahair.com\/tr\/wp-json\/wp\/v2\/media\/999964263"}],"wp:attachment":[{"href":"https:\/\/www.estevitalyahair.com\/tr\/wp-json\/wp\/v2\/media?parent=999964479"}],"wp:term":[{"taxonomy":"category","embeddable":true,"href":"https:\/\/www.estevitalyahair.com\/tr\/wp-json\/wp\/v2\/categories?post=999964479"},{"taxonomy":"post_tag","embeddable":true,"href":"https:\/\/www.estevitalyahair.com\/tr\/wp-json\/wp\/v2\/tags?post=999964479"}],"curies":[{"name":"wp","href":"https:\/\/api.w.org\/{rel}","templated":true}]}}