{"id":999964492,"date":"2023-08-15T09:36:42","date_gmt":"2023-08-15T09:36:42","guid":{"rendered":"https:\/\/estevitalyahair.com\/sac-ekimi-sonrasi-kasinti-ve-kepek-ile-nasil-basa-cikabilirsiniz\/"},"modified":"2023-08-15T09:36:42","modified_gmt":"2023-08-15T09:36:42","slug":"sac-ekimi-sonrasi-kasinti-ve-kepek-ile-nasil-basa-cikabilirsiniz","status":"publish","type":"post","link":"https:\/\/www.estevitalyahair.com\/tr\/sac-ekimi-sonrasi-kasinti-ve-kepek-ile-nasil-basa-cikabilirsiniz\/","title":{"rendered":"Sa\u00e7 Ekimi Sonras\u0131 Ka\u015f\u0131nt\u0131 ve Kepek \u0130le Nas\u0131l Ba\u015fa \u00c7\u0131kabilirsiniz"},"content":{"rendered":"<p>Sa\u00e7 ekimi, sa\u00e7 greftlerinin bir don\u00f6r b\u00f6lgeden sa\u00e7s\u0131z b\u00f6lgeye nakledilmesini i\u00e7eren cerrahi bir prosed\u00fcrd\u00fcr. Prosed\u00fcr\u00fcn kendisi nispeten basit olsa da, iyile\u015fme d\u00f6nemi rahats\u0131z edici olabilir. Ka\u015f\u0131nt\u0131 ve kepeklenme sa\u00e7 ekiminin yayg\u0131n yan etkileridir ve birka\u00e7 hafta s\u00fcrebilir. Bu blog yaz\u0131s\u0131nda, sa\u00e7 ekiminden sonra ka\u015f\u0131nt\u0131 ve kepeklenme ile nas\u0131l ba\u015fa \u00e7\u0131kabilece\u011fini anlataca\u011f\u0131z.<\/p>\n<h3>Ka\u015f\u0131nt\u0131 ve Pullanma Neden Olur?<\/h3>\n<p>Sa\u00e7 ekimi sonras\u0131 ka\u015f\u0131nt\u0131 ve kepeklenme, iyile\u015fme s\u00fcrecinin sonucu olarak ortaya \u00e7\u0131kabilen yayg\u0131n bir yan etkidir. Kafa derisi hassas bir b\u00f6lgedir ve sa\u00e7 ekimi s\u0131ras\u0131nda yap\u0131lan kesiler tahri\u015fe ve iltihaplanmaya neden olabilir. \u0130yile\u015fme s\u00fcreci, ka\u015f\u0131nt\u0131 ve rahats\u0131zl\u0131\u011fa neden olabilecek yeni kan damarlar\u0131n\u0131n ve sinir ba\u011flant\u0131lar\u0131n\u0131n olu\u015fumunu i\u00e7erir. Ayr\u0131ca, sa\u00e7 k\u00f6klerinin etraf\u0131nda olu\u015fan kabuklar da ka\u015f\u0131nt\u0131 ve pullanmaya neden olabilir.<\/p>\n<p>&nbsp;<\/p>\n<h3>Sa\u00e7 Ekimi Sonras\u0131 Ka\u015f\u0131nt\u0131 ve D\u00f6k\u00fclme Nas\u0131l Y\u00f6netilir?<\/h3>\n<h3>\nAmeliyat Sonras\u0131 Talimatlar\u0131 Takip Edin<\/h3>\n<p>Bu talimatlar, kafa derinize nas\u0131l bakaca\u011f\u0131n\u0131z, hangi ila\u00e7lar\u0131 alaca\u011f\u0131n\u0131z ve hangi aktivitelerden ka\u00e7\u0131nman\u0131z gerekti\u011fi hakk\u0131nda bilgiler i\u00e7erecektir. Bu talimatlara uymak, uygun iyile\u015fmeyi sa\u011flamak ve rahats\u0131zl\u0131\u011f\u0131 en aza indirmek i\u00e7in \u00e7ok \u00f6nemlidir.<\/p>\n<h3>Kafa Derinizi Temiz Tutun<\/h3>\n<p>Kafa derinizi temiz tutmak enfeksiyonu \u00f6nlemek ve iyile\u015fmeyi desteklemek i\u00e7in \u00e7ok \u00f6nemlidir. Cerrah\u0131n\u0131z, \u00f6zel bir \u015fampuan kullanmay\u0131 veya belirli \u00fcr\u00fcnlerden ka\u00e7\u0131nmay\u0131 i\u00e7erebilecek \u015fekilde kafa derinizi nas\u0131l temizleyece\u011finize dair talimatlar verecektir. Bu talimatlar\u0131 dikkatle takip etmek ve kafa derinizde sert veya tahri\u015f edici \u00fcr\u00fcnler kullanmaktan ka\u00e7\u0131nmak \u00f6nemlidir.<\/p>\n<p>&nbsp;<\/p>\n<h3>Nemlendirici Kullan\u0131n<\/h3>\n<p>Kafa derinize nemlendirici uygulamak ka\u015f\u0131nt\u0131 ve kepeklenmeyi azaltmaya yard\u0131mc\u0131 olabilir. Kafa derisinde kullan\u0131lmak \u00fczere \u00f6zel olarak form\u00fcle edilmi\u015f nazik, kokusuz bir nemlendirici aray\u0131n. Nemlendiriciyi cerrah\u0131n\u0131z\u0131n belirtti\u011fi \u015fekilde uygulay\u0131n ve herhangi bir kesi\u011fe veya greftlere bula\u015fmad\u0131\u011f\u0131ndan emin olun.<\/p>\n<p>&nbsp;<\/p>\n<h3>Kafa Derinizi Ka\u015f\u0131maktan Ka\u00e7\u0131n\u0131n<\/h3>\n<p>Kafa derinizi ka\u015f\u0131mak veya koparmak cildi daha da tahri\u015f edebilir, ekilmi\u015f greftleri yerlerinden \u00e7\u0131karabilir ve iyile\u015fme s\u00fcrecini geciktirebilir. Kafa derinize dokunmaktan m\u00fcmk\u00fcn oldu\u011funca ka\u00e7\u0131nmak ve olu\u015fan kabuklar\u0131 ka\u015f\u0131ma veya koparma d\u00fcrt\u00fcs\u00fcne direnmek \u00f6nemlidir.<\/p>\n<p>&nbsp;<\/p>\n<h3>Belirtildi\u011fi \u015eekilde A\u011fr\u0131 Kesici \u0130la\u00e7lar\u0131 Al\u0131n<\/h3>\n<p>Sa\u00e7 ekiminizden sonra \u00f6nemli bir rahats\u0131zl\u0131k veya a\u011fr\u0131 ya\u015f\u0131yorsan\u0131z, cerrah\u0131n\u0131z a\u011fr\u0131 kesici ila\u00e7 alman\u0131z\u0131 \u00f6nerebilir. Dozaj talimatlar\u0131n\u0131 dikkatle takip etti\u011finizden ve cerrah\u0131n\u0131z\u0131n onaylamad\u0131\u011f\u0131 herhangi bir ilac\u0131 almaktan ka\u00e7\u0131nd\u0131\u011f\u0131n\u0131zdan emin olun.<\/p>\n<h3>\nSab\u0131rl\u0131 Olun<\/h3>\n<p>Sa\u00e7 ekiminden sonra ka\u015f\u0131nt\u0131 ve kepeklenme sinir bozucu olabilir, ancak sab\u0131rl\u0131 olmak ve kafa derinize iyile\u015fmesi i\u00e7in zaman tan\u0131mak \u00f6nemlidir.Ka\u015f\u0131nt\u0131 ve kepeklenme eninde sonunda azalacak ve size sa\u011fl\u0131kl\u0131, do\u011fal g\u00f6r\u00fcn\u00fcml\u00fc sa\u00e7larla dolu bir kafa kalacakt\u0131r.<\/p>\n<p>&nbsp;<\/p>\n<p>Sonu\u00e7 olarak, ka\u015f\u0131nt\u0131 ve d\u00f6k\u00fclme sa\u00e7 ekiminin yayg\u0131n yan etkileridir, ancak bunlar\u0131 y\u00f6netmenin birka\u00e7 yolu vard\u0131r. Cerrah\u0131n\u0131z taraf\u0131ndan sa\u011flanan ameliyat sonras\u0131 talimatlara uymak, kafa derinizi temiz tutmak, nemlendirici kullanmak, kafa derinizi ka\u015f\u0131maktan veya kar\u0131\u015ft\u0131rmaktan ka\u00e7\u0131nmak, so\u011fuk kompres uygulamak, belirtildi\u011fi gibi a\u011fr\u0131 kesici ila\u00e7 almak ve sab\u0131rl\u0131 olmak ka\u015f\u0131nt\u0131 ve d\u00f6k\u00fclmeyi azaltmaya ve uygun iyile\u015fmeyi desteklemeye yard\u0131mc\u0131 olabilir. Sa\u00e7 ekiminden sonra iyile\u015fmenizle ilgili herhangi bir endi\u015feniz veya sorunuz varsa, cerrah\u0131n\u0131za dan\u0131\u015ft\u0131\u011f\u0131n\u0131zdan emin olun.<\/p>\n","protected":false},"excerpt":{"rendered":"<p>Sa\u00e7 ekimi, sa\u00e7 greftlerinin bir don\u00f6r b\u00f6lgeden sa\u00e7s\u0131z b\u00f6lgeye nakledilmesini i\u00e7eren cerrahi bir prosed\u00fcrd\u00fcr. Prosed\u00fcr\u00fcn kendisi nispeten basit olsa da, iyile\u015fme d\u00f6nemi rahats\u0131z edici olabilir. Ka\u015f\u0131nt\u0131 ve kepeklenme sa\u00e7 ekiminin yayg\u0131n yan etkileridir ve birka\u00e7 hafta s\u00fcrebilir. Bu blog yaz\u0131s\u0131nda, sa\u00e7 ekiminden sonra ka\u015f\u0131nt\u0131 ve kepeklenme ile nas\u0131l ba\u015fa \u00e7\u0131kabilece\u011fini anlataca\u011f\u0131z. Ka\u015f\u0131nt\u0131 ve Pullanma Neden [&hellip;]<\/p>\n","protected":false},"author":2,"featured_media":999964486,"comment_status":"open","ping_status":"open","sticky":false,"template":"","format":"standard","meta":{"_jf_save_progress":"","footnotes":""},"categories":[],"tags":[],"class_list":["post-999964492","post","type-post","status-publish","format-standard","has-post-thumbnail","hentry"],"_links":{"self":[{"href":"https:\/\/www.estevitalyahair.com\/tr\/wp-json\/wp\/v2\/posts\/999964492","targetHints":{"allow":["GET"]}}],"collection":[{"href":"https:\/\/www.estevitalyahair.com\/tr\/wp-json\/wp\/v2\/posts"}],"about":[{"href":"https:\/\/www.estevitalyahair.com\/tr\/wp-json\/wp\/v2\/types\/post"}],"author":[{"embeddable":true,"href":"https:\/\/www.estevitalyahair.com\/tr\/wp-json\/wp\/v2\/users\/2"}],"replies":[{"embeddable":true,"href":"https:\/\/www.estevitalyahair.com\/tr\/wp-json\/wp\/v2\/comments?post=999964492"}],"version-history":[{"count":0,"href":"https:\/\/www.estevitalyahair.com\/tr\/wp-json\/wp\/v2\/posts\/999964492\/revisions"}],"wp:featuredmedia":[{"embeddable":true,"href":"https:\/\/www.estevitalyahair.com\/tr\/wp-json\/wp\/v2\/media\/999964486"}],"wp:attachment":[{"href":"https:\/\/www.estevitalyahair.com\/tr\/wp-json\/wp\/v2\/media?parent=999964492"}],"wp:term":[{"taxonomy":"category","embeddable":true,"href":"https:\/\/www.estevitalyahair.com\/tr\/wp-json\/wp\/v2\/categories?post=999964492"},{"taxonomy":"post_tag","embeddable":true,"href":"https:\/\/www.estevitalyahair.com\/tr\/wp-json\/wp\/v2\/tags?post=999964492"}],"curies":[{"name":"wp","href":"https:\/\/api.w.org\/{rel}","templated":true}]}}