{"id":999964682,"date":"2023-10-09T07:02:22","date_gmt":"2023-10-09T07:02:22","guid":{"rendered":"https:\/\/estevitalyahair.com\/sac-ekimi-kalici-midir-sac-ekiminin-omru-hakkindaki-gercek\/"},"modified":"2023-10-09T07:46:54","modified_gmt":"2023-10-09T07:46:54","slug":"sac-ekimi-kalici-midir-sac-ekiminin-omru-hakkindaki-gercek","status":"publish","type":"post","link":"https:\/\/www.estevitalyahair.com\/tr\/sac-ekimi-kalici-midir-sac-ekiminin-omru-hakkindaki-gercek\/","title":{"rendered":"Sa\u00e7 Ekimi Kal\u0131c\u0131 m\u0131d\u0131r? Sa\u00e7 Ekiminin \u00d6mr\u00fc Hakk\u0131ndaki Ger\u00e7ek"},"content":{"rendered":"<p>Sa\u00e7 d\u00f6k\u00fclmesi bir\u00e7ok insan i\u00e7in yayg\u0131n bir sorundur ve sa\u00e7 ekimi buna pop\u00fcler bir \u00e7\u00f6z\u00fcmd\u00fcr. Ancak bir\u00e7ok ki\u015fi sa\u00e7 ekiminin sonsuza kadar s\u00fcr\u00fcp s\u00fcrmeyece\u011fini merak etmektedir. Ger\u00e7ek \u015fu ki, cevap basit bir evet ya da hay\u0131r de\u011fildir. Bu makalede, sa\u00e7 ekimin kal\u0131c\u0131l\u0131\u011f\u0131n\u0131 ve ba\u015far\u0131s\u0131n\u0131 etkileyebilecek fakt\u00f6rleri inceleyece\u011fiz.<\/p>\n<h3>Sa\u00e7 Ekimi Ameliyat\u0131n\u0131 Anlamak<\/h3>\n<p>Sa\u00e7 ekimi ameliyat\u0131, sa\u00e7 k\u00f6klerinin bir don\u00f6r b\u00f6lgeden (genellikle ense b\u00f6lgesinden) kafa derisinin sa\u00e7s\u0131z veya seyrelmi\u015f b\u00f6lgelerine nakledilmesini i\u00e7erir. Bu genellikle iki y\u00f6ntemden biri kullan\u0131larak yap\u0131l\u0131r: Direkt Sa\u00e7 Ekimi (DHI) veya Folik\u00fcler \u00dcnite Ekstraksiyonu (FUE). Bu y\u00f6ntemler do\u011frudan don\u00f6r alandan tek tek folik\u00fcler \u00fcnitelerin \u00e7\u0131kar\u0131lmas\u0131n\u0131 i\u00e7erir.<\/p>\n<h3>Sa\u00e7 Ekiminin Ba\u015far\u0131 Oran\u0131<\/h3>\n<p>Sa\u00e7 ekimi ameliyat\u0131 y\u00fcksek bir ba\u015far\u0131 oran\u0131na sahiptir ve \u00e7o\u011fu hasta sa\u00e7 yo\u011funlu\u011fu ve kal\u0131nl\u0131\u011f\u0131nda \u00f6nemli bir iyile\u015fme g\u00f6r\u00fcr. Bununla birlikte, ameliyat\u0131n ba\u015far\u0131s\u0131 cerrah\u0131n becerisi, hastan\u0131n genel sa\u011fl\u0131\u011f\u0131 ve don\u00f6r sa\u00e7\u0131n kalitesi gibi \u00e7e\u015fitli fakt\u00f6rlere ba\u011fl\u0131d\u0131r. Amerikan Plastik Cerrahlar Derne\u011fi&#8217;ne g\u00f6re, sa\u00e7 ekimlerinin ba\u015far\u0131 oran\u0131 %90&#8217;a kadar \u00e7\u0131kabilmektedir.<\/p>\n<h2>Sa\u00e7 Ekiminin Kal\u0131c\u0131l\u0131\u011f\u0131<\/h2>\n<p>Sa\u00e7 ekiminin kal\u0131c\u0131l\u0131\u011f\u0131 ki\u015fiye de\u011fi\u015febilir. Genel olarak, ekilen sa\u00e7lar kal\u0131c\u0131d\u0131r ve hastan\u0131n hayat\u0131n\u0131n geri kalan\u0131 boyunca uzamaya devam edecektir. Bununla birlikte, do\u011fal ya\u015flanma s\u00fcreci ve di\u011fer fakt\u00f6rler, sa\u00e7 ekiminin genel g\u00f6r\u00fcn\u00fcm\u00fcn\u00fc etkileyebilecek \u015fekilde \u00e7evre b\u00f6lgelerde sa\u00e7 incelmesine ve d\u00f6k\u00fclmesine neden olabilir.<\/p>\n<h2>Sa\u00e7 Ekimi Kal\u0131c\u0131l\u0131\u011f\u0131n\u0131 Etkileyen Fakt\u00f6rler<\/h2>\n<p>Hastan\u0131n ya\u015f\u0131, sa\u00e7 d\u00f6k\u00fclmesinin derecesi ve don\u00f6r sa\u00e7\u0131n kalitesi gibi \u00e7e\u015fitli fakt\u00f6rler sa\u00e7 ekiminin uzun \u00f6m\u00fcrl\u00fcl\u00fc\u011f\u00fcn\u00fc etkileyebilir. Ya\u015fl\u0131 hastalar ya\u015fland\u0131k\u00e7a daha fazla do\u011fal sa\u00e7 d\u00f6k\u00fclmesi ya\u015fayabilir ve bu da ekimin g\u00f6r\u00fcn\u00fcm\u00fcn\u00fc etkileyebilir. Daha yo\u011fun sa\u00e7 d\u00f6k\u00fclmesi olan hastalar, sonu\u00e7lar\u0131n\u0131 korumak i\u00e7in birden fazla ameliyat veya ek tedavi gerektirebilir.<\/p>\n<h2>Sa\u00e7 Ekimi Sonras\u0131 Bak\u0131m<\/h2>\n<p>Sa\u00e7 ekiminin uzun \u00f6m\u00fcrl\u00fc olmas\u0131 i\u00e7in uygun bak\u0131m \u015fartt\u0131r. Hastalar sa\u00e7lar\u0131nda sert kimyasallar veya \u0131s\u0131yla \u015fekillendirici aletler kullanmaktan ka\u00e7\u0131nmal\u0131 ve ameliyattan sonra cerrahlar\u0131n\u0131n sa\u00e7 derilerini y\u0131kama ve bak\u0131m talimatlar\u0131na uymal\u0131d\u0131r. Cerrah ile d\u00fczenli kontroller de ekimin hala b\u00fcy\u00fcmesini ve en iyi \u015fekilde g\u00f6r\u00fcnmesini sa\u011flamaya yard\u0131mc\u0131 olabilir.<\/p>\n<p>Sa\u00e7 ekimi i\u015fleminden sonra, yeni ekilen sa\u00e7lar\u0131n d\u00fczg\u00fcn bir \u015fekilde uzamas\u0131n\u0131 ve m\u00fcmk\u00fcn oldu\u011funca uzun s\u00fcre dayanmas\u0131n\u0131 sa\u011flamak i\u00e7in uygun bak\u0131m\u0131 takip etmek \u00f6nemlidir. \u0130\u015fte sa\u00e7 ekiminden sonra sa\u00e7\u0131n\u0131za nas\u0131l bak\u0131m yapaca\u011f\u0131n\u0131za dair baz\u0131 ipu\u00e7lar\u0131:<\/p>\n<p>\u0130\u015flemden sonraki ilk birka\u00e7 g\u00fcn kafa derisine a\u015f\u0131r\u0131 dokunmaktan ka\u00e7\u0131n\u0131n. Bu, yeni nakledilen sa\u00e7 k\u00f6klerine zarar verebilir.<\/p>\n<p>Ka\u015f\u0131nt\u0131 ve enfeksiyona neden olabilecek terlemeyi \u00f6nlemek i\u00e7in ameliyat sonras\u0131 en az 10 g\u00fcn boyunca yorucu fiziksel aktivitelerden ve terlemekten ka\u00e7\u0131n\u0131n.<\/p>\n<p>Ameliyattan sonraki ilk 10-14 g\u00fcn boyunca kafa derisine do\u011frudan g\u00fcne\u015f \u0131\u015f\u0131\u011f\u0131 gelmesinden ka\u00e7\u0131n\u0131n. Sa\u00e7 derisini UV \u0131\u015f\u0131nlar\u0131ndan korumak i\u00e7in ba\u015f\u0131n\u0131z\u0131 bir \u015fapka ile \u00f6rt\u00fcn veya g\u00fcne\u015f koruyucu sprey kullan\u0131n.<\/p>\n<p>Enfeksiyon, iltihaplanma veya yeni sa\u00e7\u0131n reddedilmesi riskini azaltmak i\u00e7in re\u00e7ete edilen ila\u00e7lar\u0131 almaya devam edin.<\/p>\n<p>V\u00fccudun daha h\u0131zl\u0131 iyile\u015fmesine yard\u0131mc\u0131 olmak i\u00e7in nakilden sonraki birka\u00e7 hafta boyunca sigara ve i\u00e7kiden ka\u00e7\u0131n\u0131n.<\/p>\n<p>Sa\u00e7 b\u00fcy\u00fcmesi i\u00e7in \u00f6nemli olan protein, vitamin ve mineraller a\u00e7\u0131s\u0131ndan zengin sa\u011fl\u0131kl\u0131 bir diyet uygulay\u0131n.<\/p>\n<p>Ekimden sonra kafa derisini nazik\u00e7e y\u0131kamak i\u00e7in hafif bir \u015fampuan kullan\u0131n. Ameliyat\u0131 takip eden \u00fc\u00e7\u00fcnc\u00fc g\u00fcnden sonra sa\u00e7\u0131n\u0131z\u0131 y\u0131kamaya ba\u015flaman\u0131z \u00f6nerilir.<\/p>\n<p>Sa\u00e7a ve kafa derisine zarar vermemek i\u00e7in yumu\u015fak k\u0131ll\u0131 bir sa\u00e7 f\u0131r\u00e7as\u0131 kullan\u0131n.<\/p>\n<p>Sa\u00e7 derisinin nefes almas\u0131n\u0131 sa\u011flamak ve sa\u00e7 k\u00f6kleri \u00fczerinde bask\u0131 olu\u015fmas\u0131n\u0131 \u00f6nlemek i\u00e7in ameliyattan sonra en az bir hafta boyunca \u015fapka veya kask takmaktan ka\u00e7\u0131n\u0131n.<\/p>\n<p>Sonu\u00e7 olarak, sa\u00e7 ekimi sa\u00e7 d\u00f6k\u00fclmesine kal\u0131c\u0131 bir \u00e7\u00f6z\u00fcm sa\u011flayabilir. Bununla birlikte, prosed\u00fcr\u00fcn ba\u015far\u0131s\u0131 don\u00f6r sa\u00e7\u0131n kalitesi, cerrah\u0131n becerisi ve ekimden sonra sa\u00e7\u0131n bak\u0131m\u0131 gibi bir\u00e7ok fakt\u00f6re ba\u011fl\u0131d\u0131r. Uygun bak\u0131m ve onar\u0131mla, ekilen sa\u00e7lar \u00f6m\u00fcr boyu dayanabilir ve do\u011fal g\u00f6r\u00fcn\u00fcml\u00fc sonu\u00e7lar sa\u011flayabilir. Sa\u00e7 ekimi yapt\u0131rmay\u0131 d\u00fc\u015f\u00fcn\u00fcyorsan\u0131z, hizmetlerimiz hakk\u0131nda daha fazla bilgi edinmek ve tam bir sa\u00e7la \u00f6zg\u00fcveninizi yeniden kazanman\u0131za nas\u0131l yard\u0131mc\u0131 olabilece\u011fimizi \u00f6\u011frenmek i\u00e7in Antalya Sa\u00e7 Ekimi&#8217;nde bizimle ileti\u015fime ge\u00e7in.<\/p>\n","protected":false},"excerpt":{"rendered":"<p>Sa\u00e7 d\u00f6k\u00fclmesi bir\u00e7ok insan i\u00e7in yayg\u0131n bir sorundur ve sa\u00e7 ekimi buna pop\u00fcler bir \u00e7\u00f6z\u00fcmd\u00fcr. Ancak bir\u00e7ok ki\u015fi sa\u00e7 ekiminin sonsuza kadar s\u00fcr\u00fcp s\u00fcrmeyece\u011fini merak etmektedir. Ger\u00e7ek \u015fu ki, cevap basit bir evet ya da hay\u0131r de\u011fildir. Bu makalede, sa\u00e7 ekimin kal\u0131c\u0131l\u0131\u011f\u0131n\u0131 ve ba\u015far\u0131s\u0131n\u0131 etkileyebilecek fakt\u00f6rleri inceleyece\u011fiz. Sa\u00e7 Ekimi Ameliyat\u0131n\u0131 Anlamak Sa\u00e7 ekimi ameliyat\u0131, sa\u00e7 [&hellip;]<\/p>\n","protected":false},"author":2,"featured_media":999964676,"comment_status":"open","ping_status":"open","sticky":false,"template":"","format":"standard","meta":{"_jf_save_progress":"","footnotes":""},"categories":[],"tags":[],"class_list":["post-999964682","post","type-post","status-publish","format-standard","has-post-thumbnail","hentry"],"_links":{"self":[{"href":"https:\/\/www.estevitalyahair.com\/tr\/wp-json\/wp\/v2\/posts\/999964682","targetHints":{"allow":["GET"]}}],"collection":[{"href":"https:\/\/www.estevitalyahair.com\/tr\/wp-json\/wp\/v2\/posts"}],"about":[{"href":"https:\/\/www.estevitalyahair.com\/tr\/wp-json\/wp\/v2\/types\/post"}],"author":[{"embeddable":true,"href":"https:\/\/www.estevitalyahair.com\/tr\/wp-json\/wp\/v2\/users\/2"}],"replies":[{"embeddable":true,"href":"https:\/\/www.estevitalyahair.com\/tr\/wp-json\/wp\/v2\/comments?post=999964682"}],"version-history":[{"count":0,"href":"https:\/\/www.estevitalyahair.com\/tr\/wp-json\/wp\/v2\/posts\/999964682\/revisions"}],"wp:featuredmedia":[{"embeddable":true,"href":"https:\/\/www.estevitalyahair.com\/tr\/wp-json\/wp\/v2\/media\/999964676"}],"wp:attachment":[{"href":"https:\/\/www.estevitalyahair.com\/tr\/wp-json\/wp\/v2\/media?parent=999964682"}],"wp:term":[{"taxonomy":"category","embeddable":true,"href":"https:\/\/www.estevitalyahair.com\/tr\/wp-json\/wp\/v2\/categories?post=999964682"},{"taxonomy":"post_tag","embeddable":true,"href":"https:\/\/www.estevitalyahair.com\/tr\/wp-json\/wp\/v2\/tags?post=999964682"}],"curies":[{"name":"wp","href":"https:\/\/api.w.org\/{rel}","templated":true}]}}