{"id":999964757,"date":"2023-11-06T06:32:04","date_gmt":"2023-11-06T06:32:04","guid":{"rendered":"https:\/\/estevitalyahair.com\/sac-ekimi-agrili-bir-islem-midir-bilmeniz-gerekenler\/"},"modified":"2024-08-06T05:56:44","modified_gmt":"2024-08-06T05:56:44","slug":"sac-ekimi-agrili-bir-islem-midir-bilmeniz-gerekenler","status":"publish","type":"post","link":"https:\/\/www.estevitalyahair.com\/tr\/sac-ekimi-agrili-bir-islem-midir-bilmeniz-gerekenler\/","title":{"rendered":"Sa\u00e7 Ekimi A\u011fr\u0131l\u0131 Bir \u0130\u015flem Midir? Bilmeniz Gerekenler"},"content":{"rendered":"<p>Sa\u00e7 d\u00f6k\u00fclmesi stresli ve \u00fcz\u00fcc\u00fc bir deneyim olabilir ve bir\u00e7ok ki\u015fi \u00e7\u00f6z\u00fcm olarak sa\u00e7 ekimi ameliyat\u0131na y\u00f6nelir. Ancak, insanlar\u0131n sa\u00e7 ekimiyle ilgili en yayg\u0131n endi\u015felerinden biri sa\u00e7 ekiminin a\u011fr\u0131l\u0131 bir i\u015flem olup olmad\u0131\u011f\u0131d\u0131r. Bu blog yaz\u0131s\u0131nda, sa\u00e7 ekimiyle ili\u015fkili a\u011fr\u0131 hakk\u0131ndaki bilmeniz gerekenleri ve i\u015flem s\u0131ras\u0131nda ve sonras\u0131nda neler bekleyebilece\u011finizi inceleyece\u011fiz.<\/p>\n<h2><\/h2>\n<h2>Sa\u00e7 Ekimi Ameliyat\u0131n\u0131 Anlamak<\/h2>\n<p>Sa\u00e7 ekimi ameliyat\u0131, sa\u00e7 greftlerinin bir don\u00f6r b\u00f6lgeden (tipik olarak kafan\u0131n arkas\u0131ndan veya yanlar\u0131ndan) al\u0131nmas\u0131n\u0131 ve sa\u00e7lar\u0131n inceldi\u011fi veya kelle\u015fen kafa b\u00f6lgelerine nakledilmesini i\u00e7eren kozmetik bir prosed\u00fcrd\u00fcr. Sa\u00e7 ekimi ameliyat\u0131 i\u00e7in iki ana teknik vard\u0131r: Folik\u00fcler \u00dcnite Ekstraksiyonu (FUE) ve Do\u011frudan Sa\u00e7 Ekimi (DHI). Her iki teknik de i\u015flem s\u0131ras\u0131nda kafa derisini uyu\u015fturmak i\u00e7in lokal anestezi kullan\u0131m\u0131n\u0131 i\u00e7erir.<\/p>\n<h2>Lokal Anestezi Uygulamas\u0131 S\u0131ras\u0131nda A\u011fr\u0131<\/h2>\n<p>Sa\u00e7 ekimi ameliyat\u0131 s\u0131ras\u0131nda kullan\u0131lan lokal anestezi, di\u015f kini\u011finde alabilece\u011finiz anesteziye benzer. B\u00f6lgeyi uyu\u015fturmak ve i\u015flem s\u0131ras\u0131nda a\u011fr\u0131y\u0131 \u00f6nlemek i\u00e7in kafa derisine enjekte edilir. \u0130\u011fne yerle\u015ftirildi\u011finde k\u00fc\u00e7\u00fck bir s\u0131z\u0131 hissedebilirsiniz, ancak \u00e7o\u011fu hasta lokal anestezi enjeksiyonun \u00e7ok a\u011fr\u0131l\u0131 olmad\u0131\u011f\u0131n\u0131 bildirmektedir. Bu, sa\u00e7 ekiminin a\u011fr\u0131 veya rahats\u0131zl\u0131k hissedebilece\u011finiz tek a\u015famas\u0131d\u0131r.<\/p>\n<h2>\u0130\u015flem S\u0131ras\u0131nda A\u011fr\u0131<\/h2>\n<p>Sa\u00e7 ekimi i\u015flemi s\u0131ras\u0131nda lokal anestezi sayesinde herhangi bir ac\u0131 hissetmezsiniz. Bununla birlikte, sa\u00e7 k\u00f6kleri \u00e7\u0131kar\u0131l\u0131rken ve nakledilirken biraz bask\u0131 veya \u00e7ekme hissi olu\u015fabilir. Bu normaldir ve ac\u0131 verici de\u011fildir. Operason s\u0131ras\u0131nda herhangi bir rahats\u0131zl\u0131k hissederseniz, anesteziyi gerekti\u011fi gibi ayarlayabilmeleri i\u00e7in sa\u00e7 ekimi uzman\u0131n\u0131za bildirmelisiniz.<\/p>\n<h2>\u0130\u015flem Sonras\u0131<\/h2>\n<p>Sa\u00e7 ekimi operasyonu tamamland\u0131ktan sonra, don\u00f6r ve al\u0131c\u0131 b\u00f6lgelerde bir miktar a\u011fr\u0131 veya rahats\u0131zl\u0131k hissedebilirsiniz. Bu normaldir ve birka\u00e7 g\u00fcn i\u00e7inde azalacakt\u0131r. Sa\u00e7 ekimi uzman\u0131n\u0131z, herhangi olabilecek a\u011fr\u0131y\u0131 gidermenize yard\u0131mc\u0131 olmak i\u00e7in size a\u011fr\u0131 kesici ila\u00e7lar verebilir.<\/p>\n<h2>Riskler ve Komplikasyonlar<\/h2>\n<p>Her cerrahi prosed\u00fcrde oldu\u011fu gibi, sa\u00e7 ekimi ameliyat\u0131 ile ili\u015fkili riskler ve potansiyel komplikasyonlar vard\u0131r. Bununla birlikte, nitelikli ve deneyimli bir sa\u00e7 ekimi uzman\u0131 taraf\u0131ndan yap\u0131ld\u0131\u011f\u0131nda prosed\u00fcr genellikle g\u00fcvenli kabul edilir. Sa\u00e7 ekimi uzman\u0131n\u0131z, i\u015flemden \u00f6nce riskleri ve potansiyel komplikasyonlar\u0131 sizinle payla\u015facakt\u0131r.<\/p>\n<h2>\u0130\u015flem Sonras\u0131 Bak\u0131m<\/h2>\n<p>Ba\u015far\u0131l\u0131 bir sa\u00e7 ekimi sa\u011flamak ve herhangi bir rahats\u0131zl\u0131k veya a\u011fr\u0131y\u0131 en aza indirmek i\u00e7in i\u015flem sonras\u0131 uygun bak\u0131m \u015fartt\u0131r. Sa\u00e7 ekimi uzman\u0131n\u0131z, i\u015flemden sonra kafa derinizin nas\u0131l temizlenece\u011fi ve normal aktivitelere ne zaman devam edebilece\u011finiz de dahil olmak \u00fczere kafa derinize nas\u0131l bakaca\u011f\u0131n\u0131z konusunda \u00f6zel talimatlar verecektir. Herhangi bir komplikasyondan ka\u00e7\u0131nmak ve iyile\u015fmeyi desteklemek i\u00e7in bu talimatlar\u0131 dikkatle takip etmek \u00f6nemlidir.<\/p>\n<h2>A\u011fr\u0131 Kontrol Stratejileri<\/h2>\n<p>Sa\u00e7 ekimi prosed\u00fcr\u00fc s\u0131ras\u0131nda veya sonras\u0131nda a\u011fr\u0131 konusunda endi\u015feleriniz varsa, sa\u00e7 ekimi uzman\u0131n\u0131zla g\u00f6r\u00fc\u015febilece\u011finiz. Birka\u00e7 a\u011fr\u0131 kontrol stratejisi vard\u0131r. Bunlar lokal anestezi veya oral a\u011fr\u0131 kesici ila\u00e7lar\u0131 i\u00e7erebilir. Sa\u00e7 ekimi uzman\u0131n\u0131z, ihtiya\u00e7lar\u0131n\u0131za ve tercihlerinize en uygun a\u011fr\u0131 y\u00f6netimi plan\u0131n\u0131 belirlemek i\u00e7in sizinle birlikte \u00e7al\u0131\u015facakt\u0131r.<\/p>\n<h2><\/h2>\n<h2>Son D\u00fc\u015f\u00fcnceler<\/h2>\n<p>Sa\u00e7 ekimi ameliyat\u0131 kula\u011fa korkutucu gelse de, ger\u00e7ek \u015fu ki genellikle a\u011fr\u0131l\u0131 bir i\u015flem de\u011fildir. \u0130\u015flem s\u0131ras\u0131nda kullan\u0131lan lokal anestezi, herhangi bir a\u011fr\u0131 hissetmemenizi sa\u011flar ve i\u015flem sonras\u0131 herhangi bir rahats\u0131zl\u0131k, ila\u00e7 tedavisi ve uygun i\u015flem sonras\u0131 bak\u0131m ile kontrol alt\u0131na al\u0131nabilir. Sa\u00e7 ekimi yapt\u0131rmay\u0131 d\u00fc\u015f\u00fcn\u00fcyorsan\u0131z ve a\u011fr\u0131 konusunda endi\u015feleriniz varsa, se\u00e7eneklerinizi sa\u00e7 ekimi uzman\u0131n\u0131zla g\u00f6r\u00fc\u015f\u00fcn.<\/p>\n<h2>Antalya&#8217;da Deneyimli Bir Sa\u00e7 Ekimi Uzman\u0131na Dan\u0131\u015f\u0131n<\/h2>\n<p>Antalya&#8217;da sa\u00e7 ekimi ameliyat\u0131 ile ilgileniyorsan\u0131z, deneyimli ve nitelikli sa\u00e7 ekimi uzmanlar\u0131ndan olu\u015fan ekibimiz size yard\u0131mc\u0131 olmak i\u00e7in burada. Klini\u011fimizde, sa\u00e7 ekimi ve sakal ekimi de dahil olmak \u00fczere bir dizi sa\u00e7 restorasyon prosed\u00fcr\u00fc sunuyoruz. Bir kons\u00fcltasyon planlamak i\u00e7in bug\u00fcn bize ula\u015f\u0131n.<\/p>\n","protected":false},"excerpt":{"rendered":"<p>Sa\u00e7 d\u00f6k\u00fclmesi stresli ve \u00fcz\u00fcc\u00fc bir deneyim olabilir ve bir\u00e7ok ki\u015fi \u00e7\u00f6z\u00fcm olarak sa\u00e7 ekimi ameliyat\u0131na y\u00f6nelir. Ancak, insanlar\u0131n sa\u00e7 ekimiyle ilgili en yayg\u0131n endi\u015felerinden biri sa\u00e7 ekiminin a\u011fr\u0131l\u0131 bir i\u015flem olup olmad\u0131\u011f\u0131d\u0131r. Bu blog yaz\u0131s\u0131nda, sa\u00e7 ekimiyle ili\u015fkili a\u011fr\u0131 hakk\u0131ndaki bilmeniz gerekenleri ve i\u015flem s\u0131ras\u0131nda ve sonras\u0131nda neler bekleyebilece\u011finizi inceleyece\u011fiz. Sa\u00e7 Ekimi Ameliyat\u0131n\u0131 Anlamak [&hellip;]<\/p>\n","protected":false},"author":2,"featured_media":999964753,"comment_status":"open","ping_status":"open","sticky":false,"template":"","format":"standard","meta":{"_jf_save_progress":"","footnotes":""},"categories":[],"tags":[],"class_list":["post-999964757","post","type-post","status-publish","format-standard","has-post-thumbnail","hentry"],"_links":{"self":[{"href":"https:\/\/www.estevitalyahair.com\/tr\/wp-json\/wp\/v2\/posts\/999964757","targetHints":{"allow":["GET"]}}],"collection":[{"href":"https:\/\/www.estevitalyahair.com\/tr\/wp-json\/wp\/v2\/posts"}],"about":[{"href":"https:\/\/www.estevitalyahair.com\/tr\/wp-json\/wp\/v2\/types\/post"}],"author":[{"embeddable":true,"href":"https:\/\/www.estevitalyahair.com\/tr\/wp-json\/wp\/v2\/users\/2"}],"replies":[{"embeddable":true,"href":"https:\/\/www.estevitalyahair.com\/tr\/wp-json\/wp\/v2\/comments?post=999964757"}],"version-history":[{"count":0,"href":"https:\/\/www.estevitalyahair.com\/tr\/wp-json\/wp\/v2\/posts\/999964757\/revisions"}],"wp:featuredmedia":[{"embeddable":true,"href":"https:\/\/www.estevitalyahair.com\/tr\/wp-json\/wp\/v2\/media\/999964753"}],"wp:attachment":[{"href":"https:\/\/www.estevitalyahair.com\/tr\/wp-json\/wp\/v2\/media?parent=999964757"}],"wp:term":[{"taxonomy":"category","embeddable":true,"href":"https:\/\/www.estevitalyahair.com\/tr\/wp-json\/wp\/v2\/categories?post=999964757"},{"taxonomy":"post_tag","embeddable":true,"href":"https:\/\/www.estevitalyahair.com\/tr\/wp-json\/wp\/v2\/tags?post=999964757"}],"curies":[{"name":"wp","href":"https:\/\/api.w.org\/{rel}","templated":true}]}}