{"id":999968437,"date":"2023-09-08T07:11:09","date_gmt":"2023-09-08T07:11:09","guid":{"rendered":"https:\/\/estevitalyahair.com\/sac-ekimi-sonrasi-saclarin-yavas-uzamasinin-farkli-nedenleri\/"},"modified":"2023-09-08T07:11:09","modified_gmt":"2023-09-08T07:11:09","slug":"sac-ekimi-sonrasi-saclarin-yavas-uzamasinin-farkli-nedenleri","status":"publish","type":"post","link":"https:\/\/www.estevitalyahair.com\/tr\/sac-ekimi-sonrasi-saclarin-yavas-uzamasinin-farkli-nedenleri\/","title":{"rendered":"Sa\u00e7 Ekimi Sonras\u0131 Sa\u00e7lar\u0131n Yava\u015f Uzamas\u0131n\u0131n Farkl\u0131 Nedenleri"},"content":{"rendered":"<p>Sa\u00e7lar\u0131 d\u00f6k\u00fclen ki\u015filer sa\u00e7lar\u0131n\u0131 korumak i\u00e7in sa\u00e7 grefti alabilirler. Sa\u00e7 k\u00f6kleri, genellikle ba\u015f\u0131n arkas\u0131 olan bir don\u00f6r b\u00f6lgeden al\u0131n\u0131r ve al\u0131ndaki kel veya seyrelmi\u015f noktalara nakledilir. \u00c7o\u011fu sa\u00e7 ekimi i\u015fe yarar, ancak baz\u0131 insanlar sa\u00e7lar\u0131n\u0131n daha sonra daha yava\u015f uzad\u0131\u011f\u0131n\u0131 fark edebilir. Bu blog yaz\u0131s\u0131nda sa\u00e7 ekiminden sonra sa\u00e7lar\u0131n yava\u015f uzamas\u0131n\u0131n farkl\u0131 nedenlerinden ve bunlar\u0131 d\u00fczeltmek i\u00e7in neler yapabilece\u011finizden bahsedece\u011fiz.<\/p>\n<h2>Yeterli kan ak\u0131\u015f\u0131 olmamas\u0131<\/h2>\n<p>Sa\u00e7 ekiminden sonra sa\u00e7lar\u0131n yava\u015f uzamas\u0131n\u0131n ana nedenlerinden biri sa\u00e7 k\u00f6klerinin yeterince kan almamas\u0131d\u0131r. Yani, sa\u00e7 ekimi s\u0131ras\u0131nda sa\u00e7 k\u00f6kleri don\u00f6r b\u00f6lgeden al\u0131n\u0131r ve al\u0131c\u0131 b\u00f6lgeye ta\u015f\u0131n\u0131r. Ancak nakledilen sa\u00e7 h\u00fccreleri yeterince kan almazsa, sa\u00e7 b\u00fcy\u00fcmesi yava\u015flayabilir, hatta durabilir.<br \/>\nBu sorunu \u00e7\u00f6zmek i\u00e7in, ekimden sonra cerrah\u0131n\u0131z\u0131n size verdi\u011fi bak\u0131m talimatlar\u0131na uydu\u011funuzdan emin olmal\u0131s\u0131n\u0131z. Bu, yorucu aktivitelerden uzak durmak, ila\u00e7lar\u0131 re\u00e7ete edildi\u011fi \u015fekilde almak ve ba\u015f\u0131 do\u011frudan g\u00fcne\u015f \u0131\u015f\u0131\u011f\u0131ndan uzak tutmak anlam\u0131na gelir. Sa\u011fl\u0131kl\u0131 bir diyet de \u00f6nemlidir ve sigara ya da i\u00e7ki i\u00e7memelisiniz \u00e7\u00fcnk\u00fc bunlar kan ak\u0131\u015f\u0131n\u0131za zarar verebilir.<\/p>\n<h2>K\u00f6t\u00fc Greft Kalitesi<\/h2>\n<p>Bir sa\u00e7 ekiminin ne kadar iyi \u00e7al\u0131\u015ft\u0131\u011f\u0131, sa\u00e7 greftlerinin ne kadar iyi oldu\u011funa ba\u011fl\u0131d\u0131r. \u0130yi yap\u0131lmam\u0131\u015f sa\u00e7 greftleri sa\u00e7lar\u0131n yava\u015f uzamas\u0131na ve hatta d\u00f6k\u00fclmesine neden olabilir. K\u00f6t\u00fc greft kalitesi, i\u015flem s\u0131ras\u0131nda yanl\u0131\u015f kullan\u0131m, y\u00fcksek veya d\u00fc\u015f\u00fck s\u0131cakl\u0131klara maruz kalma veya yeterince su almama gibi bir\u00e7ok nedenden kaynaklanabilir.<br \/>\nK\u00f6t\u00fc greftler almaktan ka\u00e7\u0131nmak i\u00e7in nitelikli, \u00e7ok fazla deneyime sahip ve en g\u00fcncel y\u00f6ntemleri ve ara\u00e7lar\u0131 kullanan bir sa\u00e7 ekimi cerrah\u0131 bulmak \u00f6nemlidir. Ayr\u0131ca, di\u015f hekiminizin ameliyattan \u00f6nce ve sonra yapman\u0131z\u0131 s\u00f6yledi\u011fi \u015feyleri yapmak \u00e7ok \u00f6nemlidir.<\/p>\n<h2>Enfeksiyon<\/h2>\n<p>Sa\u00e7 ekiminden sonra sa\u00e7 uzamas\u0131n\u0131 yava\u015flatabilecek bir di\u011fer \u015fey de enfeksiyon kapmakt\u0131r. K\u00f6t\u00fc temizlik, ameliyattan sonra yeterli bak\u0131m almamak veya g\u00fc\u00e7l\u00fc bir ba\u011f\u0131\u015f\u0131kl\u0131k sistemine sahip olmamak enfeksiyonlara yol a\u00e7abilir. Sa\u00e7 ekimi yap\u0131lan b\u00f6lgede k\u0131zar\u0131kl\u0131k, \u015fi\u015flik veya a\u011fr\u0131 gibi herhangi bir enfeksiyon belirtisi g\u00f6r\u00fcrseniz hemen cerrah\u0131n\u0131z\u0131 aramal\u0131s\u0131n\u0131z&#8230;<br \/>\nEnfeksiyonlardan ka\u00e7\u0131nmak i\u00e7in cerrah\u0131n\u0131z\u0131n ameliyattan sonra yapman\u0131z\u0131 s\u00f6yledi\u011fi \u015feyleri yapman\u0131z \u00e7ok \u00f6nemlidir. Bu, kafay\u0131 temiz tutmak ve \u00e7ok terlemenize neden olabilecek veya tahri\u015f edebilecek \u015feylerden uzak durmak anlam\u0131na gelir.<\/p>\n<h2>Besin Eksikli\u011fi<\/h2>\n<p>Yeterli besin almamak da sa\u00e7 ekiminden sonra sa\u00e7lar\u0131n yava\u015f uzamas\u0131na neden olabilir. Protein, demir ve vitaminler sa\u00e7 h\u00fccrelerinin b\u00fcy\u00fcmek ve sa\u011fl\u0131kl\u0131 kalmak i\u00e7in ihtiya\u00e7 duydu\u011fu besinlerden baz\u0131lar\u0131d\u0131r. Yiyeceklerinizde bu besinlerden yeterince almazsan\u0131z, sa\u00e7lar\u0131n\u0131z yava\u015f uzayabilir veya d\u00f6k\u00fclebilir.<br \/>\nProtein, demir ve vitaminlerle dolu dengeli bir \u00f6\u011f\u00fcn, belirli besin maddelerini yeterince almayan ki\u015filer i\u00e7in \u00f6nemlidir. Bir doktor veya hem\u015firenin yard\u0131m\u0131yla vitamin almay\u0131 da d\u00fc\u015f\u00fcnebilirsiniz.<\/p>\n<h2>Stres<\/h2>\n<p>Stres de sa\u00e7 ekiminden sonra sa\u00e7lar\u0131n yava\u015f uzamas\u0131na neden olabilir. V\u00fccutta \u00e7ok fazla endi\u015fe oldu\u011funda, hormonlar dengesizle\u015febilir, bu da sa\u00e7 d\u00f6k\u00fclmesine veya sa\u00e7 b\u00fcy\u00fcmesinin yava\u015flamas\u0131na neden olabilir. Stresin v\u00fccudun besinleri emmesini yava\u015flatmas\u0131 veya durdurmas\u0131 da m\u00fcmk\u00fcnd\u00fcr, her ikisi de sa\u00e7 b\u00fcy\u00fcmesi i\u00e7in \u00f6nemlidir.<br \/>\nEndi\u015feyle ba\u015fa \u00e7\u0131kmak i\u00e7in yoga, meditasyon veya egzersiz gibi sizi daha iyi hissettirecek \u015feyler yapmak \u00f6nemlidir. Daha fazla yard\u0131m i\u00e7in bir sa\u011fl\u0131k uzman\u0131yla da konu\u015fmak isteyebilirsiniz.<\/p>\n<p>Sa\u00e7 ekiminden sonra sa\u00e7 b\u00fcy\u00fcmesinin yava\u015f olmas\u0131n\u0131n \u00e7e\u015fitli nedenleri vard\u0131r. Bu nedenleri \u00f6\u011frenerek ve do\u011fru ad\u0131mlar\u0131 atarak sa\u00e7 ekiminden sonra sa\u00e7 uzatma \u015fans\u0131n\u0131z\u0131 art\u0131rabilirsiniz. En iyi sonu\u00e7lar\u0131 almak i\u00e7in nitelikli ve deneyimli bir sa\u00e7 ekimi cerrah\u0131 se\u00e7ti\u011finizden, ameliyat \u00f6ncesi ve sonras\u0131 tavsiyelere uydu\u011funuzdan, iyi beslendi\u011finizden ve kafa derinize iyi bakt\u0131\u011f\u0131n\u0131zdan emin olun.<\/p>\n","protected":false},"excerpt":{"rendered":"<p>Sa\u00e7lar\u0131 d\u00f6k\u00fclen ki\u015filer sa\u00e7lar\u0131n\u0131 korumak i\u00e7in sa\u00e7 grefti alabilirler. Sa\u00e7 k\u00f6kleri, genellikle ba\u015f\u0131n arkas\u0131 olan bir don\u00f6r b\u00f6lgeden al\u0131n\u0131r ve al\u0131ndaki kel veya seyrelmi\u015f noktalara nakledilir. \u00c7o\u011fu sa\u00e7 ekimi i\u015fe yarar, ancak baz\u0131 insanlar sa\u00e7lar\u0131n\u0131n daha sonra daha yava\u015f uzad\u0131\u011f\u0131n\u0131 fark edebilir. Bu blog yaz\u0131s\u0131nda sa\u00e7 ekiminden sonra sa\u00e7lar\u0131n yava\u015f uzamas\u0131n\u0131n farkl\u0131 nedenlerinden ve bunlar\u0131 [&hellip;]<\/p>\n","protected":false},"author":2,"featured_media":999964559,"comment_status":"open","ping_status":"open","sticky":false,"template":"","format":"standard","meta":{"_jf_save_progress":"","footnotes":""},"categories":[],"tags":[],"class_list":["post-999968437","post","type-post","status-publish","format-standard","has-post-thumbnail","hentry"],"_links":{"self":[{"href":"https:\/\/www.estevitalyahair.com\/tr\/wp-json\/wp\/v2\/posts\/999968437","targetHints":{"allow":["GET"]}}],"collection":[{"href":"https:\/\/www.estevitalyahair.com\/tr\/wp-json\/wp\/v2\/posts"}],"about":[{"href":"https:\/\/www.estevitalyahair.com\/tr\/wp-json\/wp\/v2\/types\/post"}],"author":[{"embeddable":true,"href":"https:\/\/www.estevitalyahair.com\/tr\/wp-json\/wp\/v2\/users\/2"}],"replies":[{"embeddable":true,"href":"https:\/\/www.estevitalyahair.com\/tr\/wp-json\/wp\/v2\/comments?post=999968437"}],"version-history":[{"count":0,"href":"https:\/\/www.estevitalyahair.com\/tr\/wp-json\/wp\/v2\/posts\/999968437\/revisions"}],"wp:featuredmedia":[{"embeddable":true,"href":"https:\/\/www.estevitalyahair.com\/tr\/wp-json\/wp\/v2\/media\/999964559"}],"wp:attachment":[{"href":"https:\/\/www.estevitalyahair.com\/tr\/wp-json\/wp\/v2\/media?parent=999968437"}],"wp:term":[{"taxonomy":"category","embeddable":true,"href":"https:\/\/www.estevitalyahair.com\/tr\/wp-json\/wp\/v2\/categories?post=999968437"},{"taxonomy":"post_tag","embeddable":true,"href":"https:\/\/www.estevitalyahair.com\/tr\/wp-json\/wp\/v2\/tags?post=999968437"}],"curies":[{"name":"wp","href":"https:\/\/api.w.org\/{rel}","templated":true}]}}