{"id":999969524,"date":"2024-08-10T05:48:26","date_gmt":"2024-08-10T05:48:26","guid":{"rendered":"https:\/\/estevitalyahair.com\/sac-ekimi-aci-verir-mi-bilmeniz-gerekenler\/"},"modified":"2024-08-10T06:26:18","modified_gmt":"2024-08-10T06:26:18","slug":"sac-ekimi-aci-verir-mi-bilmeniz-gerekenler","status":"publish","type":"post","link":"https:\/\/www.estevitalyahair.com\/tr\/sac-ekimi-aci-verir-mi-bilmeniz-gerekenler\/","title":{"rendered":"Sa\u00e7 Ekimi Ac\u0131 Verir mi? Bilmeniz Gerekenler"},"content":{"rendered":"<p>Sa\u00e7 d\u00f6k\u00fclmesi hemen herkesin ya\u015fad\u0131\u011f\u0131 zorlu bir s\u00fcre\u00e7tir ve sa\u00e7 ekimi bunun i\u00e7in son derece yayg\u0131n bir prosed\u00fcrd\u00fcr.<br \/>\nBununla birlikte,, \u00e7o\u011fu insan\u0131n sa\u00e7 ekimi ameliyat\u0131 ile ilgili cevap almak istedi\u011fi ortak bir soru vard\u0131r ve bu da \u015fudur: t\u00fcm s\u00fcre\u00e7 ac\u0131 verici midir? Birinin sa\u00e7 ekimi prosed\u00fcrlerinde yer alan ac\u0131dan korkmas\u0131 normaldir, bu nedenle bu blogda size sa\u00e7 ekimi ve i\u015flem yap\u0131lmadan \u00f6nce, s\u0131ras\u0131nda ve sonras\u0131nda onunla birlikte gelen ac\u0131 hakk\u0131ndaki ger\u00e7e\u011fi aktar\u0131yoruz.<\/p>\n<h2>Sa\u00e7 Ekimi Ameliyat\u0131 Hakk\u0131nda<\/h2>\n<p>Sa\u00e7 ekimi ameliyat\u0131, sa\u00e7lar\u0131n kafa derisinin sa\u00e7lar\u0131n bol oldu\u011fu bir b\u00f6lgesinden sa\u00e7lar\u0131n incelmesi veya kellik ya\u015fayan kafa derisinin bir b\u00f6lgesine ta\u015f\u0131nd\u0131\u011f\u0131 bir kozmetik ameliyat\u0131d\u0131r.<br \/>\nDHI ve FUE, sa\u00e7 ekiminin bilinen folik\u00fcler y\u00f6ntemlerinden ikisidir. Bu iki y\u00f6ntemde, hastan\u0131n kafa derisinin operasyon s\u0131ras\u0131nda a\u011fr\u0131ya kar\u015f\u0131 duyars\u0131z hale getirildi\u011fi lokal anestezi kullan\u0131l\u0131r.<\/p>\n<h2>Lokal Anestezi<\/h2>\n<p>Sa\u00e7 ekimi ameliyat\u0131 s\u0131ras\u0131nda da di\u015f ameliyat\u0131nda kullan\u0131lan lokal anestezi kullan\u0131l\u0131r. Ameliyat yap\u0131l\u0131rken ac\u0131s\u0131n\u0131 ortadan kald\u0131rmak i\u00e7in kafa derisine uygulan\u0131r. \u0130\u011fne sokuldu\u011funda ba\u015flang\u0131\u00e7ta hafif bir a\u011fr\u0131 hissedeceksiniz, ancak b\u00f6lge dakikalar i\u00e7inde uyu\u015fuyor ve ondan sonra operasyonun tamam\u0131 a\u011fr\u0131s\u0131z oluyor.<\/p>\n<h2>Prosed\u00fcr S\u0131ras\u0131nda<\/h2>\n<p>Yine de iyi olan \u015fey, sa\u00e7 ekimi ameliyat\u0131 boyunca lokal anestezi nedeniyle herhangi bir a\u011fr\u0131 ya\u015famayacak olman\u0131zd\u0131r. Sa\u00e7 k\u00f6klerinin k\u00f6k\u00fcnde ve greftlerin yerle\u015ftirildi\u011fi al\u0131c\u0131 b\u00f6lgede bir miktar rahats\u0131zl\u0131k veya batma ile kar\u015f\u0131la\u015fabilirsiniz. Bu normaldir ve ilgili s\u00fcre\u00e7 a\u011fr\u0131l\u0131 olmamal\u0131d\u0131r. Varsa rahats\u0131zl\u0131k hissinin bilinmesi de \u00f6nemlidir, b\u00f6ylece uzmana iletilerek s\u00f6z konusu anestezinin uygun \u015fekilde uygulanmas\u0131 sa\u011flanabilir.<\/p>\n<h2>Prosed\u00fcr Sonras\u0131nda<\/h2>\n<p>Genel olarak, sa\u00e7 ekimi ameliyat\u0131n\u0131n yap\u0131ld\u0131\u011f\u0131 alanlarda bir miktar rahats\u0131zl\u0131k olabilir.<\/p>\n<p>Ka\u015f\u0131nt\u0131 normal bir semptomdur ve sadece 3 &#8211; 4 g\u00fcn s\u00fcrmelidir. Cerrah\u0131n\u0131z olas\u0131 rahats\u0131zl\u0131klar\u0131 azaltmak i\u00e7in a\u011fr\u0131 kesici ila\u00e7lar \u00f6nerebilir.<\/p>\n<h2>Riskler ve Komplikasyonlar<\/h2>\n<p>Her operasyon gibi sa\u00e7 ekiminin de baz\u0131 riskleri ve olas\u0131 olumsuz sonu\u00e7lar\u0131 vard\u0131r. Ancak kendi alan\u0131nda deneyimli ve profesyonel bir uzman cerrah taraf\u0131ndan uyguland\u0131\u011f\u0131nda genellikle g\u00fcvenli bir i\u015flemdir. Uzman, operasyon yap\u0131lmadan \u00f6nce tehlikeler ve istenmeyen sonu\u00e7 olas\u0131l\u0131klar\u0131 hakk\u0131nda sizi bilgilendirecektir.<\/p>\n<h2>Prosed\u00fcr Sonras\u0131 Bak\u0131m<\/h2>\n<p>Ki\u015filerin sa\u00e7 ekimi ameliyat\u0131ndan sonra \u00e7ok az ac\u0131 \u00e7ekmesi veya hi\u00e7 ac\u0131 \u00e7ekmemesi i\u00e7in ameliyat sonras\u0131 rejimi takip etmek \u00e7ok \u00f6nemlidir. Uzman, i\u015flemden sonra kafa derinize ne t\u00fcr bir bak\u0131m yapman\u0131z gerekti\u011fi ve i\u015flemden sonra yapabilece\u011finiz aktivitelerle ilgili size daha fazla tavsiye verecektir. Herhangi bir komplikasyonun ortaya \u00e7\u0131kmas\u0131n\u0131 \u00f6nlemek ve iyile\u015fme s\u00fcrecini iyile\u015ftirmek i\u00e7in bu talimatlara uyulmal\u0131d\u0131r.<\/p>\n<h2>A\u011fr\u0131 y\u00f6netim stratejileri<\/h2>\n<p>Sa\u00e7 ekimi ameliyat\u0131 s\u0131ras\u0131nda ve sonras\u0131nda a\u011fr\u0131 y\u00f6netimi konusunda, uzmana bu konuda endi\u015feleriniz oldu\u011funu ve her zaman bir yakla\u015f\u0131m yolu oldu\u011funu bildirmeniz gerekir. Bu, ko\u015fullara ba\u011fl\u0131 olarak topikal anestezi, oral a\u011fr\u0131 kesici veya anestezi olabilir. Ameliyat \u00f6ncesi d\u00f6nemde hastaya yap\u0131lmas\u0131 gerekenler, hissedilebilecek a\u011fr\u0131 t\u00fcrleri ve bu a\u011fr\u0131y\u0131 y\u00f6netmek i\u00e7in kullan\u0131labilecek strateji ameliyat\u0131 ger\u00e7ekle\u015ftirecek cerrahla konu\u015fulacakt\u0131r.<\/p>\n<h2>Son D\u00fc\u015f\u00fcnceler<\/h2>\n<p>Sa\u00e7 ekimi operasyonlar\u0131nda ortaya \u00e7\u0131kan mekanizmalar g\u00f6z \u00f6n\u00fcne al\u0131nd\u0131\u011f\u0131nda, s\u00fcrecin a\u011fr\u0131l\u0131 olmas\u0131 beklenebilir; ancak \u00f6yle de\u011fildir. Bu ac\u0131 verici olmayacakt\u0131r \u00e7\u00fcnk\u00fc ameliyat s\u0131ras\u0131nda kullan\u0131lan anestezi operasyon alan\u0131na lokal olarak uygulan\u0131r, b\u00f6ylece ameliyatla ili\u015fkili olabilecek a\u011fr\u0131y\u0131 hissetmezsiniz; ameliyattan sonra hissedilen herhangi bir rahats\u0131zl\u0131k her zaman iyi bir ameliyat sonras\u0131 bak\u0131m ile kontrol edilebilir.<\/p>\n<p>Antalya, T\u00fcrkiye&#8217;de bir sa\u00e7 ekimi klini\u011fi olarak, iyi deneyimli sa\u00e7 ekimi ameliyat\u0131 uzmanlar\u0131na sahip oldu\u011fumuzu bilmenizi isteriz. Bu nedenle, bug\u00fcn bizimle konu\u015fabilir ve \u00e7evrimi\u00e7i bir kons\u00fcltasyon rezervasyonu yapabilirsiniz.<\/p>\n","protected":false},"excerpt":{"rendered":"<p>Sa\u00e7 d\u00f6k\u00fclmesi hemen herkesin ya\u015fad\u0131\u011f\u0131 zorlu bir s\u00fcre\u00e7tir ve sa\u00e7 ekimi bunun i\u00e7in son derece yayg\u0131n bir prosed\u00fcrd\u00fcr. Bununla birlikte,, \u00e7o\u011fu insan\u0131n sa\u00e7 ekimi ameliyat\u0131 ile ilgili cevap almak istedi\u011fi ortak bir soru vard\u0131r ve bu da \u015fudur: t\u00fcm s\u00fcre\u00e7 ac\u0131 verici midir? Birinin sa\u00e7 ekimi prosed\u00fcrlerinde yer alan ac\u0131dan korkmas\u0131 normaldir, bu nedenle bu [&hellip;]<\/p>\n","protected":false},"author":2,"featured_media":999969521,"comment_status":"open","ping_status":"open","sticky":false,"template":"","format":"standard","meta":{"_jf_save_progress":"","footnotes":""},"categories":[],"tags":[],"class_list":["post-999969524","post","type-post","status-publish","format-standard","has-post-thumbnail","hentry"],"_links":{"self":[{"href":"https:\/\/www.estevitalyahair.com\/tr\/wp-json\/wp\/v2\/posts\/999969524","targetHints":{"allow":["GET"]}}],"collection":[{"href":"https:\/\/www.estevitalyahair.com\/tr\/wp-json\/wp\/v2\/posts"}],"about":[{"href":"https:\/\/www.estevitalyahair.com\/tr\/wp-json\/wp\/v2\/types\/post"}],"author":[{"embeddable":true,"href":"https:\/\/www.estevitalyahair.com\/tr\/wp-json\/wp\/v2\/users\/2"}],"replies":[{"embeddable":true,"href":"https:\/\/www.estevitalyahair.com\/tr\/wp-json\/wp\/v2\/comments?post=999969524"}],"version-history":[{"count":0,"href":"https:\/\/www.estevitalyahair.com\/tr\/wp-json\/wp\/v2\/posts\/999969524\/revisions"}],"wp:featuredmedia":[{"embeddable":true,"href":"https:\/\/www.estevitalyahair.com\/tr\/wp-json\/wp\/v2\/media\/999969521"}],"wp:attachment":[{"href":"https:\/\/www.estevitalyahair.com\/tr\/wp-json\/wp\/v2\/media?parent=999969524"}],"wp:term":[{"taxonomy":"category","embeddable":true,"href":"https:\/\/www.estevitalyahair.com\/tr\/wp-json\/wp\/v2\/categories?post=999969524"},{"taxonomy":"post_tag","embeddable":true,"href":"https:\/\/www.estevitalyahair.com\/tr\/wp-json\/wp\/v2\/tags?post=999969524"}],"curies":[{"name":"wp","href":"https:\/\/api.w.org\/{rel}","templated":true}]}}