{"id":999969720,"date":"2024-11-23T02:07:50","date_gmt":"2024-11-23T02:07:50","guid":{"rendered":"https:\/\/www.estevitalyahair.com\/sac-buyume-gelisme-anlamak-sac-ekimi-nasil-calisir\/"},"modified":"2024-11-23T03:21:20","modified_gmt":"2024-11-23T03:21:20","slug":"sac-buyume-gelisme-anlamak-sac-ekimi-nasil-calisir","status":"publish","type":"post","link":"https:\/\/www.estevitalyahair.com\/tr\/sac-buyume-gelisme-anlamak-sac-ekimi-nasil-calisir\/","title":{"rendered":"Sa\u00e7 B\u00fcy\u00fcme Geli\u015fme Anlamak: Sa\u00e7 Ekimi Nas\u0131l \u00c7al\u0131\u015f\u0131r"},"content":{"rendered":"<p>Sa\u00e7 ekim s\u00fcrecini anlamak, sa\u00e7 b\u00fcy\u00fcme d\u00f6ng\u00fcs\u00fcn\u00fcn ve ekim prosed\u00fcr\u00fcn\u00fcn d\u00f6ng\u00fcye nas\u0131l uydu\u011funun a\u00e7\u0131klanmas\u0131yla ba\u015flayaal\u0131m. Ekimler, sa\u00e7 b\u00fcy\u00fcmesinin do\u011fal modellerini tamamlamak i\u00e7in en iyi konumdad\u0131r, bu da prosed\u00fcrlerin uzun \u00f6m\u00fcrl\u00fc oldu\u011fu anlam\u0131na gelir.<\/p>\n<h1>Sa\u00e7 B\u00fcy\u00fcme D\u00f6ng\u00fcs\u00fc<\/h1>\n<h2>Sa\u00e7\u0131n\u0131z \u00fc\u00e7 ana fazdan olu\u015fan s\u00fcrekli bir d\u00f6ng\u00fcde b\u00fcy\u00fcr:<\/h2>\n<h3>Anagen (B\u00fcy\u00fcme A\u015famas\u0131):<\/h3>\n<p>Anagen, sa\u00e7 k\u00f6klerinin b\u00fcy\u00fcme a\u015famas\u0131d\u0131r Anagen faz, sa\u00e7 k\u00f6klerinin aktif b\u00fcy\u00fcme d\u00f6nemidir. Bu faz, ikinci y\u0131ldan yedinci y\u0131la kadar de\u011fi\u015fir ve sa\u00e7\u0131n\u0131z\u0131n uzunlu\u011fundan sorumludur. Bu faz, herhangi bir zamanda sa\u00e7\u0131n\u0131z\u0131n yakla\u015f\u0131k %85-90&#8217;\u0131n\u0131 olu\u015fturur.<\/p>\n<h3>Katagen (Ge\u00e7i\u015f A\u015famas\u0131):<\/h3>\n<p>Bu, muhtemelen en k\u0131sa fazd\u0131r ve sadece 2-3 hafta s\u00fcrer, bu s\u00fcre zarf\u0131nda sa\u00e7 k\u00f6kleri aktif olarak b\u00fcy\u00fcyen bir fazdan dinlenme faz\u0131na ge\u00e7er. Sa\u00e7 daha sonra kan tedarikini keser ancak bir sonraki a\u015fama i\u00e7in hala folik\u00fclde kal\u0131r.<\/p>\n<h3>Telojen (Dinlenme A\u015famas\u0131):<\/h3>\n<p>Telojen a\u015famas\u0131 en k\u0131sa olan\u0131d\u0131r ve yakla\u015f\u0131k \u00fc\u00e7 ay s\u00fcrer. Sa\u00e7 normal \u015fekilde d\u00f6k\u00fcl\u00fcr, yeni sa\u00e7lar b\u00fcy\u00fcmeye ba\u015flamadan \u00f6nce folik\u00fcl k\u00fc\u00e7\u00fcl\u00fcr. Herhangi bir zamanda sa\u00e7\u0131n\u0131z\u0131n yakla\u015f\u0131k %10-15&#8217;i bu a\u015famadad\u0131r.<\/p>\n<h2>Sa\u00e7 ekiminin biyolojinizle ili\u015fkisi<\/h2>\n<p>Sa\u00e7 ekimi, sa\u00e7lar\u0131n ve sa\u00e7 k\u00f6klerinin ba\u015f\u0131n sa\u011fl\u0131kl\u0131 bir b\u00f6l\u00fcm\u00fcnden kel b\u00f6lgeye ta\u015f\u0131nmas\u0131n\u0131 i\u00e7erir. Bu don\u00f6r folik\u00fcller de genetik olarak \u00f6nceden belirlenmi\u015ftir, yani hala kafaya ekilmi\u015f gibi b\u00fcy\u00fcmeye devam edeceklerdir.<\/p>\n<p>Estevitalya Clinic&#8217;te, FUE ve DHI ekim y\u00f6ntemleri ekilen sa\u00e7lar\u0131n di\u011fer sa\u00e7larla m\u00fckemmel bir \u015fekilde uyum sa\u011flamas\u0131n\u0131 sa\u011flar. \u0130\u015fte bu prosed\u00fcrlerin sa\u00e7 b\u00fcy\u00fcme d\u00f6ng\u00fcn\u00fcze nas\u0131l sayg\u0131 g\u00f6sterdi\u011fi ve onunla nas\u0131l uyumlu hale geldi\u011fi:<\/p>\n<p>Anagen Faz\u0131n\u0131n Korunmas\u0131: Sa\u011fl\u0131kl\u0131 anagen faz\u0131ndaki aktif folik\u00fcller, yeni b\u00f6lgede geli\u015fmek i\u00e7in aktiviteleri korunurken dikkatlice \u00e7\u0131kar\u0131l\u0131r. Travmay\u0131 En Aza \u0130ndirmek: Geli\u015fmi\u015f y\u00f6ntemler, b\u00fcy\u00fcme d\u00f6ng\u00fcs\u00fc boyunca d\u00f6ng\u00fc kapasitelerini koruyan folik\u00fcllere daha az zarar verir. Uzun Vadeli Sonu\u00e7lar: Ekimden sonra sa\u00e7lar k\u0131sa bir telojen faza girer ve bu da baz\u0131 erken d\u00f6k\u00fclmelere neden olur. Bu tamamen normaldir. \u0130\u015flemden \u00fc\u00e7 ila d\u00f6rt ay sonra, ekilen folik\u00fcller \u00fcretken hale gelir, anagen faza girer ve normal sa\u00e7 gibi uzar. Sonu\u00e7 Sa\u00e7 b\u00fcy\u00fcme d\u00f6ng\u00fcs\u00fcn\u00fc bilmek, sa\u00e7 ekiminin Estevitalya Clinic gibi alandaki uzmanlar taraf\u0131ndan ger\u00e7ekle\u015ftirildi\u011finde uzun s\u00fcreli do\u011fal sonu\u00e7lar \u00fcretti\u011fi ger\u00e7e\u011fini vurgulayacakt\u0131r. V\u00fccudunuzun biyolojisiyle uyum i\u00e7inde \u00e7al\u0131\u015fan bu prosed\u00fcrler, yaln\u0131zca sa\u00e7\u0131n\u0131za de\u011fil ayn\u0131 zamanda \u00f6zg\u00fcveninize de geri kazand\u0131r\u0131r; kusursuz ve kal\u0131c\u0131 bir d\u00f6n\u00fc\u015f\u00fcm.<\/p>\n\n<p><\/p>\n","protected":false},"excerpt":{"rendered":"<p>Sa\u00e7 ekim s\u00fcrecini anlamak, sa\u00e7 b\u00fcy\u00fcme d\u00f6ng\u00fcs\u00fcn\u00fcn ve ekim prosed\u00fcr\u00fcn\u00fcn d\u00f6ng\u00fcye nas\u0131l uydu\u011funun a\u00e7\u0131klanmas\u0131yla ba\u015flayaal\u0131m. Ekimler, sa\u00e7 b\u00fcy\u00fcmesinin do\u011fal modellerini tamamlamak i\u00e7in en iyi konumdad\u0131r, bu da prosed\u00fcrlerin uzun \u00f6m\u00fcrl\u00fc oldu\u011fu anlam\u0131na gelir. Sa\u00e7 B\u00fcy\u00fcme D\u00f6ng\u00fcs\u00fc Sa\u00e7\u0131n\u0131z \u00fc\u00e7 ana fazdan olu\u015fan s\u00fcrekli bir d\u00f6ng\u00fcde b\u00fcy\u00fcr: Anagen (B\u00fcy\u00fcme A\u015famas\u0131): Anagen, sa\u00e7 k\u00f6klerinin b\u00fcy\u00fcme a\u015famas\u0131d\u0131r Anagen faz, [&hellip;]<\/p>\n","protected":false},"author":2,"featured_media":999969712,"comment_status":"open","ping_status":"open","sticky":false,"template":"","format":"standard","meta":{"_jf_save_progress":"","footnotes":""},"categories":[],"tags":[],"class_list":["post-999969720","post","type-post","status-publish","format-standard","has-post-thumbnail","hentry"],"_links":{"self":[{"href":"https:\/\/www.estevitalyahair.com\/tr\/wp-json\/wp\/v2\/posts\/999969720","targetHints":{"allow":["GET"]}}],"collection":[{"href":"https:\/\/www.estevitalyahair.com\/tr\/wp-json\/wp\/v2\/posts"}],"about":[{"href":"https:\/\/www.estevitalyahair.com\/tr\/wp-json\/wp\/v2\/types\/post"}],"author":[{"embeddable":true,"href":"https:\/\/www.estevitalyahair.com\/tr\/wp-json\/wp\/v2\/users\/2"}],"replies":[{"embeddable":true,"href":"https:\/\/www.estevitalyahair.com\/tr\/wp-json\/wp\/v2\/comments?post=999969720"}],"version-history":[{"count":0,"href":"https:\/\/www.estevitalyahair.com\/tr\/wp-json\/wp\/v2\/posts\/999969720\/revisions"}],"wp:featuredmedia":[{"embeddable":true,"href":"https:\/\/www.estevitalyahair.com\/tr\/wp-json\/wp\/v2\/media\/999969712"}],"wp:attachment":[{"href":"https:\/\/www.estevitalyahair.com\/tr\/wp-json\/wp\/v2\/media?parent=999969720"}],"wp:term":[{"taxonomy":"category","embeddable":true,"href":"https:\/\/www.estevitalyahair.com\/tr\/wp-json\/wp\/v2\/categories?post=999969720"},{"taxonomy":"post_tag","embeddable":true,"href":"https:\/\/www.estevitalyahair.com\/tr\/wp-json\/wp\/v2\/tags?post=999969720"}],"curies":[{"name":"wp","href":"https:\/\/api.w.org\/{rel}","templated":true}]}}